{"id":7135,"date":"2022-11-30T11:49:07","date_gmt":"2022-11-30T11:49:07","guid":{"rendered":"https:\/\/wexfordpembrokeshirepilgrimway.org\/preasraiteas-samhain-2022\/"},"modified":"2026-04-18T13:38:01","modified_gmt":"2026-04-18T13:38:01","slug":"preasraiteas-samhain-2022","status":"publish","type":"post","link":"https:\/\/wexfordpembrokeshirepilgrimway.org\/ga\/preasraiteas-samhain-2022\/","title":{"rendered":"PREASR\u00c1ITEAS &#8211; Samhain 2022"},"content":{"rendered":"<p>[et_pb_section fb_built=&#8221;1&#8243; _builder_version=&#8221;4.18.0&#8243; _module_preset=&#8221;default&#8221; custom_padding=&#8221;0px||0px||false|false&#8221; global_colors_info=&#8221;{}&#8221;][et_pb_row _builder_version=&#8221;4.18.0&#8243; _module_preset=&#8221;default&#8221; global_colors_info=&#8221;{}&#8221;][et_pb_column type=&#8221;4_4&#8243; _builder_version=&#8221;4.18.0&#8243; _module_preset=&#8221;default&#8221; global_colors_info=&#8221;{}&#8221;][et_pb_text _builder_version=&#8221;4.19.2&#8243; _module_preset=&#8221;default&#8221; hover_enabled=&#8221;0&#8243; global_colors_info=&#8221;{}&#8221; sticky_enabled=&#8221;0&#8243;]<\/p>\n<p style=\"font-weight: 400;\">Seoladh cos\u00e1n oilithrigh nua-trasn\u00e1isi\u00fanta le d\u00e9ana\u00ed i Ferns, Co. Loch Garman roimh theach l\u00e1n. Agus na naisc Cheilteacha \u00e1rsa idir \u00c9irinn agus an Bhreatain Bheag \u00e1 gceili\u00faradh, nascfaidh Sl\u00ed Oilithrigh Loch Garman-Pembrokeshire an su\u00edomh mainistreach luath-Chr\u00edosta\u00ed ag Fearna, Co. Loch Garman, le Cathair Naomh D\u00e1ith\u00ed sa Bhreatain Bheag. T\u00f3gfaidh s\u00e9 9 l\u00e1 ar an me\u00e1n chun si\u00fal, beidh an cos\u00e1n nua comhdh\u00e9anta de 5 ch\u00e9im i Loch Garman agus 4 ch\u00e9im i Sir Benfro agus trasbhealach Mhuir \u00c9ireann idir.<\/p>\n<p>[\/et_pb_text][et_pb_text _builder_version=&#8221;4.19.2&#8243; _module_preset=&#8221;default&#8221; hover_enabled=&#8221;0&#8243; sticky_enabled=&#8221;0&#8243;]<\/p>\n<p style=\"text-align: center;\"><em>Seoladh Bealach Oilithreach Loch Garman-Pembrokeshire Pilgrim:<\/em><\/p>\n<p style=\"text-align: center;\"><em>Rom Bates, Oifigeach Oilithreach, Loch Garman; John G O\u2019Dwyer, Pilgrim Paths Ireland; Amanda Byrne, Comhairle Contae Loch Garman; Peter O\u2019Connor, Cos\u00e1in Si\u00fal\u00f3ide Loch Garman agus Iain Tweedale, Journeying<\/em><\/p>\n<p>[\/et_pb_text][et_pb_image src=&#8221;https:\/\/wexfordpembrokeshirepilgrimway.org\/wp-content\/uploads\/2022\/12\/Pilgrim-launch-night-Ferns-600&#215;400-1.jpg&#8221; _builder_version=&#8221;4.19.2&#8243; _module_preset=&#8221;default&#8221; alt=&#8221;Seoladh Bealach an Oilithrigh&#8221; title_text=&#8221;Pilgrim-seoladh-o\u00edche-Ferns-600&#215;400&#8243; width=&#8221;50%&#8221; module_alignment=&#8221;center&#8221; hover_enabled=&#8221;0&#8243; sticky_enabled=&#8221;0&#8243;][\/et_pb_image][et_pb_text _builder_version=&#8221;4.19.2&#8243; _module_preset=&#8221;default&#8221; hover_enabled=&#8221;0&#8243; global_colors_info=&#8221;{}&#8221; sticky_enabled=&#8221;0&#8243;]<\/p>\n<p style=\"font-weight: 400;\">Is \u00e9 Iain Tweedale, iar-cheannaire craolach\u00e1in ar l\u00edne ag BBC Wales a thug bealach an chos\u00e1in nua isteach. T\u00e1 an tUasal Tweedale tiomanta anois do bheith ag obair le Journeying &#8211; eagra\u00edocht a chuireann si\u00fal oilithrigh chun cinn ar chos\u00e1in \u00e1rsa na R\u00edochta Aontaithe agus na h\u00c9ireann. \u201cT\u00e1 muid ag tabhairt bealaigh oilithreachta \u00f3 Fhearna i gContae Loch Garman, at\u00e1 mar phr\u00edomhchathair \u00e1rsa Oirdheisceart na h\u00c9ireann, go Ros L\u00e1ir,\u201d a d\u00fairt an tUasal Tweedale. \u201cRachaidh an bealach tr\u00ed Oulart, Oilgate, Ferrycarrig, Piercestown, agus Oile\u00e1n Mhuire. \u201cIs f\u00e9idir le daoine l\u00e9im ansin ar an mb\u00e1d farant\u00f3ireachta ag Ros L\u00e1ir agus trasn\u00fa anonn go Fishguard, \u00e1it a si\u00failfidh siad s\u00edos go Tigh David ar chos\u00e1n iontach c\u00f3sta.\u201d<\/p>\n<p style=\"font-weight: 400;\">Ba \u00e9 John G O\u2019Dwyer, \u00fadar agus cathaoirleach Pilgrim Paths Ireland, pr\u00edomhchainteoir na h\u00f3c\u00e1ide. Bh\u00ed dl\u00fathbhaint aige le hathmh\u00fascailt cos\u00e1in oilithrigh ar fud na h\u00c9ireann. Agus \u00e9 ag labhairt don ch\u00e9ad uair i gCo. Loch Garman, rinne s\u00e9 cur s\u00edos ar an gcaoi ar chuir na cos\u00e1in athbhreithe le turas\u00f3ireacht lasmuigh de na pr\u00edomhionaid f\u00e1ilteachais agus ar an gcaoi sin gur chuaigh siad go m\u00f3r chun sochair do phobail \u00e1iti\u00fala. \u201cT\u00e1 muin\u00edn againn go gcuirfidh na cuairteoir\u00ed breise borradh faoi ghn\u00f3tha\u00ed \u00e1iti\u00fala le linn tr\u00e9imhs\u00ed n\u00edos ci\u00faine den bhliain. T\u00e1 plean c\u00faig bliana ann chun seo a dh\u00e9anamh mar thionscadal turas\u00f3ireachta suntasach do Loch Garman agus muid ag s\u00fail go mbeidh 4,000-5,000 ar an gcos\u00e1n gach bliain\u201d a d\u00fairt an tUasal O&#8217;Dwyer.<\/p>\n<p style=\"font-weight: 400;\"><em>Le haghaidh tuilleadh eolais, tabhair cuairt ar: <a href=\"http:\/\/wexfordpembrokeshirepilgrimway.org\/ga\/\">wexfordpembrokeshirepilgrimway.org<\/a><\/em><\/p>\n<p style=\"font-weight: 400;\"><strong>Tuilleadh eolais in \u00c9irinn:<\/strong><\/p>\n<p style=\"font-weight: 400;\">Eoghan Greene (Oifigeach Tionscadail, Naisc \u00c1rsa) 087 3386005<\/p>\n<p style=\"font-weight: 400;\">  &#8212;&#8212;&#8212;&#8212;&#8212;&#8212;&#8212;<\/p>\n<p style=\"font-weight: 400;\">N\u00d3TA\u00cd D&#8217;EAGARTH\u00d3IR\u00cd, T\u00c1IRG\u00cd CL\u00c1R<\/p>\n<p style=\"font-weight: 400;\">In oirdheisceart na h\u00c9ireann agus in iardheisceart na Breataine Bige araon, cuireann traidisi\u00fan l\u00e1idir in i\u00fal go bhfuil Naomh Aod\u00e1n, a rugadh in \u00c9irinn, ag dul ar aistear chun staid\u00e9ar a dh\u00e9anamh faoi Naomh D\u00e1iv\u00ed, p\u00e1tr\u00fan na Breataine Bige. Bhronn David beacha meala ar Aidan nuair a d\u2019fhill s\u00e9 ar \u00c9irinn. Bh\u00ed rath orthu seo ansin laistigh den mhainistir ch\u00e1ili\u00fail a bhunaigh s\u00e9 ag Fearna. Crutha\u00edodh nasc ar feadh an tsaoil mar sin idir bheirt fhear naofa agus dh\u00e1 th\u00edr Cheilteach agus chuaigh David go Loch Garman n\u00edos d\u00e9ana\u00ed agus d\u2019fh\u00e1g s\u00e9 a rian ar an t\u00edrdhreach. D\u00e9anann an cos\u00e1n nua ceili\u00faradh ar an gcaidreamh idir an d\u00e1 naomh Ceilteach cl\u00faiteach.<\/p>\n<p>[\/et_pb_text][\/et_pb_column][\/et_pb_row][et_pb_row column_structure=&#8221;1_2,1_2&#8243; _builder_version=&#8221;4.18.0&#8243; _module_preset=&#8221;default&#8221; global_colors_info=&#8221;{}&#8221;][et_pb_column type=&#8221;1_2&#8243; _builder_version=&#8221;4.18.0&#8243; _module_preset=&#8221;default&#8221; global_colors_info=&#8221;{}&#8221;][et_pb_image src=&#8221;https:\/\/wexfordpembrokeshirepilgrimway.org\/wp-content\/uploads\/2022\/12\/MGF00618-1920&#215;1280-1.jpg&#8221; alt=&#8221;Comhartha go Tobar na Naomh&#8221; title_text=&#8221;Comhartha go Tobar na Naomh&#8221; _builder_version=&#8221;4.19.2&#8243; _module_preset=&#8221;default&#8221; global_colors_info=&#8221;{}&#8221;][\/et_pb_image][\/et_pb_column][et_pb_column type=&#8221;1_2&#8243; _builder_version=&#8221;4.18.0&#8243; _module_preset=&#8221;default&#8221; global_colors_info=&#8221;{}&#8221;][et_pb_image src=&#8221;https:\/\/wexfordpembrokeshirepilgrimway.org\/wp-content\/uploads\/2022\/12\/DSC04486-1920&#215;1280-1.jpg&#8221; alt=&#8221;Oilithrigh&#8221; title_text=&#8221;Oilithrigh&#8221; _builder_version=&#8221;4.19.2&#8243; _module_preset=&#8221;default&#8221; global_colors_info=&#8221;{}&#8221;][\/et_pb_image][\/et_pb_column][\/et_pb_row][\/et_pb_section]<\/p>\n<span class=\"et_bloom_bottom_trigger\"><\/span>","protected":false},"excerpt":{"rendered":"<p>Seoladh cos\u00e1n oilithrigh nua-trasn\u00e1isi\u00fanta le d\u00e9ana\u00ed i Ferns, Co. Loch Garman roimh theach l\u00e1n. Agus na naisc Cheilteacha \u00e1rsa idir \u00c9irinn agus an Bhreatain Bheag \u00e1 gceili\u00faradh, nascfaidh Sl\u00ed Oilithrigh Loch Garman-Pembrokeshire an su\u00edomh mainistreach luath-Chr\u00edosta\u00ed ag Fearna, Co. Loch Garman, le Cathair Naomh D\u00e1ith\u00ed sa Bhreatain Bheag.<\/p>\n","protected":false},"author":1,"featured_media":7002,"comment_status":"closed","ping_status":"closed","sticky":false,"template":"","format":"standard","meta":{"_et_pb_use_builder":"on","_et_pb_old_content":"","_et_gb_content_width":"","_monsterinsights_skip_tracking":false,"_monsterinsights_sitenote_active":false,"_monsterinsights_sitenote_note":"","_monsterinsights_sitenote_category":0,"footnotes":""},"categories":[32,31],"tags":[],"class_list":["post-7135","post","type-post","status-publish","format-standard","has-post-thumbnail","hentry","category-eireann","category-preaseisiuinti"],"yoast_head":"<!-- This site is optimized with the Yoast SEO plugin v27.4 - https:\/\/yoast.com\/product\/yoast-seo-wordpress\/ -->\n<title>PREASR\u00c1ITEAS - Samhain 2022 - Wexford-Pembrokeshire Pilgrim Way<\/title>\n<meta name=\"robots\" content=\"index, follow, max-snippet:-1, max-image-preview:large, max-video-preview:-1\" \/>\n<link rel=\"canonical\" href=\"https:\/\/wexfordpembrokeshirepilgrimway.org\/ga\/preasraiteas-samhain-2022\/\" \/>\n<meta property=\"og:locale\" content=\"ga_IE\" \/>\n<meta property=\"og:type\" content=\"article\" \/>\n<meta property=\"og:title\" content=\"PREASR\u00c1ITEAS - Samhain 2022 - Wexford-Pembrokeshire Pilgrim Way\" \/>\n<meta property=\"og:description\" content=\"Seoladh cos\u00e1n oilithrigh nua-trasn\u00e1isi\u00fanta le d\u00e9ana\u00ed i Ferns, Co. Loch Garman roimh theach l\u00e1n. Agus na naisc Cheilteacha \u00e1rsa idir \u00c9irinn agus an Bhreatain Bheag \u00e1 gceili\u00faradh, nascfaidh Sl\u00ed Oilithrigh Loch Garman-Pembrokeshire an su\u00edomh mainistreach luath-Chr\u00edosta\u00ed ag Fearna, Co. Loch Garman, le Cathair Naomh D\u00e1ith\u00ed sa Bhreatain Bheag.\" \/>\n<meta property=\"og:url\" content=\"https:\/\/wexfordpembrokeshirepilgrimway.org\/ga\/preasraiteas-samhain-2022\/\" \/>\n<meta property=\"og:site_name\" content=\"Wexford-Pembrokeshire Pilgrim Way\" \/>\n<meta property=\"article:published_time\" content=\"2022-11-30T11:49:07+00:00\" \/>\n<meta property=\"article:modified_time\" content=\"2026-04-18T13:38:01+00:00\" \/>\n<meta property=\"og:image\" content=\"https:\/\/wexfordpembrokeshirepilgrimway.org\/wp-content\/uploads\/2022\/12\/DJI_0770-1920x1280-1.jpg\" \/>\n\t<meta property=\"og:image:width\" content=\"1920\" \/>\n\t<meta property=\"og:image:height\" content=\"1280\" \/>\n\t<meta property=\"og:image:type\" content=\"image\/jpeg\" \/>\n<meta name=\"author\" content=\"CA-74uQzBJ1-bees\" \/>\n<meta name=\"twitter:card\" content=\"summary_large_image\" \/>\n<meta name=\"twitter:label1\" content=\"Written by\" \/>\n\t<meta name=\"twitter:data1\" content=\"CA-74uQzBJ1-bees\" \/>\n\t<meta name=\"twitter:label2\" content=\"Est. reading time\" \/>\n\t<meta name=\"twitter:data2\" content=\"4 minutes\" \/>\n<script type=\"application\/ld+json\" class=\"yoast-schema-graph\">{\"@context\":\"https:\\\/\\\/schema.org\",\"@graph\":[{\"@type\":\"Article\",\"@id\":\"https:\\\/\\\/wexfordpembrokeshirepilgrimway.org\\\/ga\\\/preasraiteas-samhain-2022\\\/#article\",\"isPartOf\":{\"@id\":\"https:\\\/\\\/wexfordpembrokeshirepilgrimway.org\\\/ga\\\/preasraiteas-samhain-2022\\\/\"},\"author\":{\"name\":\"CA-74uQzBJ1-bees\",\"@id\":\"https:\\\/\\\/wexfordpembrokeshirepilgrimway.org\\\/ga\\\/#\\\/schema\\\/person\\\/111978d90d367e1167fb64b94a0941b2\"},\"headline\":\"PREASR\u00c1ITEAS &#8211; Samhain 2022\",\"datePublished\":\"2022-11-30T11:49:07+00:00\",\"dateModified\":\"2026-04-18T13:38:01+00:00\",\"mainEntityOfPage\":{\"@id\":\"https:\\\/\\\/wexfordpembrokeshirepilgrimway.org\\\/ga\\\/preasraiteas-samhain-2022\\\/\"},\"wordCount\":837,\"image\":{\"@id\":\"https:\\\/\\\/wexfordpembrokeshirepilgrimway.org\\\/ga\\\/preasraiteas-samhain-2022\\\/#primaryimage\"},\"thumbnailUrl\":\"https:\\\/\\\/wexfordpembrokeshirepilgrimway.org\\\/wp-content\\\/uploads\\\/2022\\\/12\\\/DJI_0770-1920x1280-1.jpg\",\"articleSection\":[\"\u00c9ireann\",\"Preaseisi\u00faint\u00ed\"],\"inLanguage\":\"ga-IE\"},{\"@type\":\"WebPage\",\"@id\":\"https:\\\/\\\/wexfordpembrokeshirepilgrimway.org\\\/ga\\\/preasraiteas-samhain-2022\\\/\",\"url\":\"https:\\\/\\\/wexfordpembrokeshirepilgrimway.org\\\/ga\\\/preasraiteas-samhain-2022\\\/\",\"name\":\"PREASR\u00c1ITEAS - Samhain 2022 - Wexford-Pembrokeshire Pilgrim Way\",\"isPartOf\":{\"@id\":\"https:\\\/\\\/wexfordpembrokeshirepilgrimway.org\\\/ga\\\/#website\"},\"primaryImageOfPage\":{\"@id\":\"https:\\\/\\\/wexfordpembrokeshirepilgrimway.org\\\/ga\\\/preasraiteas-samhain-2022\\\/#primaryimage\"},\"image\":{\"@id\":\"https:\\\/\\\/wexfordpembrokeshirepilgrimway.org\\\/ga\\\/preasraiteas-samhain-2022\\\/#primaryimage\"},\"thumbnailUrl\":\"https:\\\/\\\/wexfordpembrokeshirepilgrimway.org\\\/wp-content\\\/uploads\\\/2022\\\/12\\\/DJI_0770-1920x1280-1.jpg\",\"datePublished\":\"2022-11-30T11:49:07+00:00\",\"dateModified\":\"2026-04-18T13:38:01+00:00\",\"author\":{\"@id\":\"https:\\\/\\\/wexfordpembrokeshirepilgrimway.org\\\/ga\\\/#\\\/schema\\\/person\\\/111978d90d367e1167fb64b94a0941b2\"},\"breadcrumb\":{\"@id\":\"https:\\\/\\\/wexfordpembrokeshirepilgrimway.org\\\/ga\\\/preasraiteas-samhain-2022\\\/#breadcrumb\"},\"inLanguage\":\"ga-IE\",\"potentialAction\":[{\"@type\":\"ReadAction\",\"target\":[\"https:\\\/\\\/wexfordpembrokeshirepilgrimway.org\\\/ga\\\/preasraiteas-samhain-2022\\\/\"]}]},{\"@type\":\"ImageObject\",\"inLanguage\":\"ga-IE\",\"@id\":\"https:\\\/\\\/wexfordpembrokeshirepilgrimway.org\\\/ga\\\/preasraiteas-samhain-2022\\\/#primaryimage\",\"url\":\"https:\\\/\\\/wexfordpembrokeshirepilgrimway.org\\\/wp-content\\\/uploads\\\/2022\\\/12\\\/DJI_0770-1920x1280-1.jpg\",\"contentUrl\":\"https:\\\/\\\/wexfordpembrokeshirepilgrimway.org\\\/wp-content\\\/uploads\\\/2022\\\/12\\\/DJI_0770-1920x1280-1.jpg\",\"width\":1920,\"height\":1280},{\"@type\":\"BreadcrumbList\",\"@id\":\"https:\\\/\\\/wexfordpembrokeshirepilgrimway.org\\\/ga\\\/preasraiteas-samhain-2022\\\/#breadcrumb\",\"itemListElement\":[{\"@type\":\"ListItem\",\"position\":1,\"name\":\"Home\",\"item\":\"https:\\\/\\\/wexfordpembrokeshirepilgrimway.org\\\/ga\\\/baile\\\/\"},{\"@type\":\"ListItem\",\"position\":2,\"name\":\"PREASR\u00c1ITEAS &#8211; Samhain 2022\"}]},{\"@type\":\"WebSite\",\"@id\":\"https:\\\/\\\/wexfordpembrokeshirepilgrimway.org\\\/ga\\\/#website\",\"url\":\"https:\\\/\\\/wexfordpembrokeshirepilgrimway.org\\\/ga\\\/\",\"name\":\"Wexford-Pembrokeshire Pilgrim Way\",\"description\":\"\",\"potentialAction\":[{\"@type\":\"SearchAction\",\"target\":{\"@type\":\"EntryPoint\",\"urlTemplate\":\"https:\\\/\\\/wexfordpembrokeshirepilgrimway.org\\\/ga\\\/?s={search_term_string}\"},\"query-input\":{\"@type\":\"PropertyValueSpecification\",\"valueRequired\":true,\"valueName\":\"search_term_string\"}}],\"inLanguage\":\"ga-IE\"},{\"@type\":\"Person\",\"@id\":\"https:\\\/\\\/wexfordpembrokeshirepilgrimway.org\\\/ga\\\/#\\\/schema\\\/person\\\/111978d90d367e1167fb64b94a0941b2\",\"name\":\"CA-74uQzBJ1-bees\",\"image\":{\"@type\":\"ImageObject\",\"inLanguage\":\"ga-IE\",\"@id\":\"https:\\\/\\\/secure.gravatar.com\\\/avatar\\\/6f859aa7989641e7f57b905f7070f796883d02e979bb4e058fbcade3f6dcf79b?s=96&d=mm&r=g\",\"url\":\"https:\\\/\\\/secure.gravatar.com\\\/avatar\\\/6f859aa7989641e7f57b905f7070f796883d02e979bb4e058fbcade3f6dcf79b?s=96&d=mm&r=g\",\"contentUrl\":\"https:\\\/\\\/secure.gravatar.com\\\/avatar\\\/6f859aa7989641e7f57b905f7070f796883d02e979bb4e058fbcade3f6dcf79b?s=96&d=mm&r=g\",\"caption\":\"CA-74uQzBJ1-bees\"},\"sameAs\":[\"https:\\\/\\\/bees.cswebmedia.co.uk\"],\"url\":\"https:\\\/\\\/wexfordpembrokeshirepilgrimway.org\\\/ga\\\/author\\\/ca-74uqzbj1-bees\\\/\"}]}<\/script>\n<!-- \/ Yoast SEO plugin. -->","yoast_head_json":{"title":"PREASR\u00c1ITEAS - Samhain 2022 - Wexford-Pembrokeshire Pilgrim Way","robots":{"index":"index","follow":"follow","max-snippet":"max-snippet:-1","max-image-preview":"max-image-preview:large","max-video-preview":"max-video-preview:-1"},"canonical":"https:\/\/wexfordpembrokeshirepilgrimway.org\/ga\/preasraiteas-samhain-2022\/","og_locale":"ga_IE","og_type":"article","og_title":"PREASR\u00c1ITEAS - Samhain 2022 - Wexford-Pembrokeshire Pilgrim Way","og_description":"Seoladh cos\u00e1n oilithrigh nua-trasn\u00e1isi\u00fanta le d\u00e9ana\u00ed i Ferns, Co. Loch Garman roimh theach l\u00e1n. Agus na naisc Cheilteacha \u00e1rsa idir \u00c9irinn agus an Bhreatain Bheag \u00e1 gceili\u00faradh, nascfaidh Sl\u00ed Oilithrigh Loch Garman-Pembrokeshire an su\u00edomh mainistreach luath-Chr\u00edosta\u00ed ag Fearna, Co. Loch Garman, le Cathair Naomh D\u00e1ith\u00ed sa Bhreatain Bheag.","og_url":"https:\/\/wexfordpembrokeshirepilgrimway.org\/ga\/preasraiteas-samhain-2022\/","og_site_name":"Wexford-Pembrokeshire Pilgrim Way","article_published_time":"2022-11-30T11:49:07+00:00","article_modified_time":"2026-04-18T13:38:01+00:00","og_image":[{"width":1920,"height":1280,"url":"https:\/\/wexfordpembrokeshirepilgrimway.org\/wp-content\/uploads\/2022\/12\/DJI_0770-1920x1280-1.jpg","type":"image\/jpeg"}],"author":"CA-74uQzBJ1-bees","twitter_card":"summary_large_image","twitter_misc":{"Written by":"CA-74uQzBJ1-bees","Est. reading time":"4 minutes"},"schema":{"@context":"https:\/\/schema.org","@graph":[{"@type":"Article","@id":"https:\/\/wexfordpembrokeshirepilgrimway.org\/ga\/preasraiteas-samhain-2022\/#article","isPartOf":{"@id":"https:\/\/wexfordpembrokeshirepilgrimway.org\/ga\/preasraiteas-samhain-2022\/"},"author":{"name":"CA-74uQzBJ1-bees","@id":"https:\/\/wexfordpembrokeshirepilgrimway.org\/ga\/#\/schema\/person\/111978d90d367e1167fb64b94a0941b2"},"headline":"PREASR\u00c1ITEAS &#8211; Samhain 2022","datePublished":"2022-11-30T11:49:07+00:00","dateModified":"2026-04-18T13:38:01+00:00","mainEntityOfPage":{"@id":"https:\/\/wexfordpembrokeshirepilgrimway.org\/ga\/preasraiteas-samhain-2022\/"},"wordCount":837,"image":{"@id":"https:\/\/wexfordpembrokeshirepilgrimway.org\/ga\/preasraiteas-samhain-2022\/#primaryimage"},"thumbnailUrl":"https:\/\/wexfordpembrokeshirepilgrimway.org\/wp-content\/uploads\/2022\/12\/DJI_0770-1920x1280-1.jpg","articleSection":["\u00c9ireann","Preaseisi\u00faint\u00ed"],"inLanguage":"ga-IE"},{"@type":"WebPage","@id":"https:\/\/wexfordpembrokeshirepilgrimway.org\/ga\/preasraiteas-samhain-2022\/","url":"https:\/\/wexfordpembrokeshirepilgrimway.org\/ga\/preasraiteas-samhain-2022\/","name":"PREASR\u00c1ITEAS - Samhain 2022 - Wexford-Pembrokeshire Pilgrim Way","isPartOf":{"@id":"https:\/\/wexfordpembrokeshirepilgrimway.org\/ga\/#website"},"primaryImageOfPage":{"@id":"https:\/\/wexfordpembrokeshirepilgrimway.org\/ga\/preasraiteas-samhain-2022\/#primaryimage"},"image":{"@id":"https:\/\/wexfordpembrokeshirepilgrimway.org\/ga\/preasraiteas-samhain-2022\/#primaryimage"},"thumbnailUrl":"https:\/\/wexfordpembrokeshirepilgrimway.org\/wp-content\/uploads\/2022\/12\/DJI_0770-1920x1280-1.jpg","datePublished":"2022-11-30T11:49:07+00:00","dateModified":"2026-04-18T13:38:01+00:00","author":{"@id":"https:\/\/wexfordpembrokeshirepilgrimway.org\/ga\/#\/schema\/person\/111978d90d367e1167fb64b94a0941b2"},"breadcrumb":{"@id":"https:\/\/wexfordpembrokeshirepilgrimway.org\/ga\/preasraiteas-samhain-2022\/#breadcrumb"},"inLanguage":"ga-IE","potentialAction":[{"@type":"ReadAction","target":["https:\/\/wexfordpembrokeshirepilgrimway.org\/ga\/preasraiteas-samhain-2022\/"]}]},{"@type":"ImageObject","inLanguage":"ga-IE","@id":"https:\/\/wexfordpembrokeshirepilgrimway.org\/ga\/preasraiteas-samhain-2022\/#primaryimage","url":"https:\/\/wexfordpembrokeshirepilgrimway.org\/wp-content\/uploads\/2022\/12\/DJI_0770-1920x1280-1.jpg","contentUrl":"https:\/\/wexfordpembrokeshirepilgrimway.org\/wp-content\/uploads\/2022\/12\/DJI_0770-1920x1280-1.jpg","width":1920,"height":1280},{"@type":"BreadcrumbList","@id":"https:\/\/wexfordpembrokeshirepilgrimway.org\/ga\/preasraiteas-samhain-2022\/#breadcrumb","itemListElement":[{"@type":"ListItem","position":1,"name":"Home","item":"https:\/\/wexfordpembrokeshirepilgrimway.org\/ga\/baile\/"},{"@type":"ListItem","position":2,"name":"PREASR\u00c1ITEAS &#8211; Samhain 2022"}]},{"@type":"WebSite","@id":"https:\/\/wexfordpembrokeshirepilgrimway.org\/ga\/#website","url":"https:\/\/wexfordpembrokeshirepilgrimway.org\/ga\/","name":"Wexford-Pembrokeshire Pilgrim Way","description":"","potentialAction":[{"@type":"SearchAction","target":{"@type":"EntryPoint","urlTemplate":"https:\/\/wexfordpembrokeshirepilgrimway.org\/ga\/?s={search_term_string}"},"query-input":{"@type":"PropertyValueSpecification","valueRequired":true,"valueName":"search_term_string"}}],"inLanguage":"ga-IE"},{"@type":"Person","@id":"https:\/\/wexfordpembrokeshirepilgrimway.org\/ga\/#\/schema\/person\/111978d90d367e1167fb64b94a0941b2","name":"CA-74uQzBJ1-bees","image":{"@type":"ImageObject","inLanguage":"ga-IE","@id":"https:\/\/secure.gravatar.com\/avatar\/6f859aa7989641e7f57b905f7070f796883d02e979bb4e058fbcade3f6dcf79b?s=96&d=mm&r=g","url":"https:\/\/secure.gravatar.com\/avatar\/6f859aa7989641e7f57b905f7070f796883d02e979bb4e058fbcade3f6dcf79b?s=96&d=mm&r=g","contentUrl":"https:\/\/secure.gravatar.com\/avatar\/6f859aa7989641e7f57b905f7070f796883d02e979bb4e058fbcade3f6dcf79b?s=96&d=mm&r=g","caption":"CA-74uQzBJ1-bees"},"sameAs":["https:\/\/bees.cswebmedia.co.uk"],"url":"https:\/\/wexfordpembrokeshirepilgrimway.org\/ga\/author\/ca-74uqzbj1-bees\/"}]}},"featured_image_src":"https:\/\/wexfordpembrokeshirepilgrimway.org\/wp-content\/uploads\/2022\/12\/DJI_0770-1920x1280-1.jpg","featured_image_src_square":"https:\/\/wexfordpembrokeshirepilgrimway.org\/wp-content\/uploads\/2022\/12\/DJI_0770-1920x1280-1.jpg","author_info":{"display_name":"CA-74uQzBJ1-bees","author_link":"https:\/\/wexfordpembrokeshirepilgrimway.org\/ga\/author\/ca-74uqzbj1-bees\/"},"_links":{"self":[{"href":"https:\/\/wexfordpembrokeshirepilgrimway.org\/ga\/wp-json\/wp\/v2\/posts\/7135","targetHints":{"allow":["GET"]}}],"collection":[{"href":"https:\/\/wexfordpembrokeshirepilgrimway.org\/ga\/wp-json\/wp\/v2\/posts"}],"about":[{"href":"https:\/\/wexfordpembrokeshirepilgrimway.org\/ga\/wp-json\/wp\/v2\/types\/post"}],"author":[{"embeddable":true,"href":"https:\/\/wexfordpembrokeshirepilgrimway.org\/ga\/wp-json\/wp\/v2\/users\/1"}],"replies":[{"embeddable":true,"href":"https:\/\/wexfordpembrokeshirepilgrimway.org\/ga\/wp-json\/wp\/v2\/comments?post=7135"}],"version-history":[{"count":0,"href":"https:\/\/wexfordpembrokeshirepilgrimway.org\/ga\/wp-json\/wp\/v2\/posts\/7135\/revisions"}],"wp:featuredmedia":[{"embeddable":true,"href":"https:\/\/wexfordpembrokeshirepilgrimway.org\/ga\/wp-json\/wp\/v2\/media\/7002"}],"wp:attachment":[{"href":"https:\/\/wexfordpembrokeshirepilgrimway.org\/ga\/wp-json\/wp\/v2\/media?parent=7135"}],"wp:term":[{"taxonomy":"category","embeddable":true,"href":"https:\/\/wexfordpembrokeshirepilgrimway.org\/ga\/wp-json\/wp\/v2\/categories?post=7135"},{"taxonomy":"post_tag","embeddable":true,"href":"https:\/\/wexfordpembrokeshirepilgrimway.org\/ga\/wp-json\/wp\/v2\/tags?post=7135"}],"curies":[{"name":"wp","href":"https:\/\/api.w.org\/{rel}","templated":true}]}}