{"id":7436,"date":"2023-02-21T14:23:49","date_gmt":"2023-02-21T14:23:49","guid":{"rendered":"https:\/\/wexfordpembrokeshirepilgrimway.org\/preasraiteas-feabhra-2023\/"},"modified":"2026-04-18T13:37:59","modified_gmt":"2026-04-18T13:37:59","slug":"preasraiteas-feabhra-2023","status":"publish","type":"post","link":"https:\/\/wexfordpembrokeshirepilgrimway.org\/ga\/preasraiteas-feabhra-2023\/","title":{"rendered":"PREASR\u00c1ITEAS &#8211; Feabhra 2023"},"content":{"rendered":"<p>[et_pb_section fb_built=&#8221;1&#8243; _builder_version=&#8221;4.18.0&#8243; _module_preset=&#8221;default&#8221; custom_padding=&#8221;0px||0px||false|false&#8221; global_colors_info=&#8221;{}&#8221; theme_builder_area=&#8221;post_content&#8221;][et_pb_row _builder_version=&#8221;4.18.0&#8243; _module_preset=&#8221;default&#8221; global_colors_info=&#8221;{}&#8221; theme_builder_area=&#8221;post_content&#8221;][et_pb_column type=&#8221;4_4&#8243; _builder_version=&#8221;4.18.0&#8243; _module_preset=&#8221;default&#8221; global_colors_info=&#8221;{}&#8221; theme_builder_area=&#8221;post_content&#8221;][et_pb_text _builder_version=&#8221;4.20.0&#8243; _module_preset=&#8221;default&#8221; min_height=&#8221;219px&#8221; hover_enabled=&#8221;0&#8243; global_colors_info=&#8221;{}&#8221; theme_builder_area=&#8221;post_content&#8221; sticky_enabled=&#8221;0&#8243;]<\/p>\n<p>Beidh Sl\u00ed Oilithreachta nua spreag\u00fail Loch Garman-Pembrokeshire ar cheann de na h\u00e1bhair a bheidh \u00e1 bpl\u00e9 ag siomp\u00f3isiam m\u00f3r oilithreachta a bheidh ar si\u00fal ar 11 agus 12 M\u00e1rta in \u00d3st\u00e1n Riverside, Inis C\u00f3rthaidh, Co. Loch Garman. Leis an teideal, \u201cOilithreacht Inniu \u2013 Beala\u00ed chun Pobail agus Fiontra\u00edochta a Bhl\u00e1th\u00fa\u201d, d\u00e9anfaidh an siomp\u00f3isiam ceili\u00faradh ar na naisc Cheilteacha \u00e1rsa idir Fhearna, Co. Loch Garman agus Tithe D\u00e1ibh\u00ed i Sir Benfro, An Bhreatain Bheag.<\/p>\n<p>Cuirfear 3 cheist r\u00edth\u00e1bhachtacha ag an imeacht freisin: &#8216;Conas a chruth\u00f3idh t\u00fa bealach rath\u00fail oilithrigh? Cad iad na bunt\u00e1ist\u00ed do phobail \u00e1iti\u00fala? An bhfuil difr\u00edocht idir turas\u00f3ir agus oilithreach? Tabharfar aghaidh ar na ceisteanna seo ar l\u00e1 l\u00e1n le gn\u00edomha\u00edochta\u00ed, ina dtabharfar le ch\u00e9ile cainteoir\u00ed podium saineolaithe le pl\u00e9 cuimsitheach.<\/p>\n<p>Cuirfear t\u00fas leis an gcl\u00e1r D\u00e9 Sathairn, 11 M\u00e1rta le pr\u00edomh\u00f3r\u00e1id \u00f3 Satish Kumar. Bhain Kumar cl\u00fa domhanda amach nuair a thug s\u00e9 faoi oilithreacht s\u00edoch\u00e1na \u00f3n India go Mosc\u00f3, Londain, P\u00e1ras agus Meirice\u00e1 i 1962. Ina dhiaidh sin, chaith s\u00e9 a shaol i mbun feachtais ar son athghini\u00fana \u00e9iceola\u00edochta, ceartas s\u00f3isialta agus s\u00e1samh spiorad\u00e1lta. Anois ina 80id\u00ed, is cainteoir, m\u00fainteoir agus \u00fadar inspior\u00e1ideach \u00e9 Kumar.<\/p>\n<p>Ag labhairt faoi dheiseanna do thuras\u00f3ireacht spiorad\u00e1lta sa Bhreatain Bheag agus in \u00c9irinn beidh Andrew Smith (Cuairt ar an mBreatain Bheag) agus Ciara Byrne (F\u00e1ilte \u00c9ireann). I measc na gcainteoir\u00ed eile beidh an Dr Sarah Rowland-Jones, D\u00e9an Ardeaglais Naomh D\u00e1ibh\u00ed, a labhr\u00f3idh faoi shi\u00fal\u00f3id oilithrigh sa Bhreatain Bheag agus John G O\u2019Dwyer, Cathaoirleach Pilgrim Paths Ireland, a phl\u00e9ifidh athbheochan na 21\u00fa haois ar shi\u00fal\u00f3id oilithrigh in \u00c9irinn. <\/p>\n<p>Beidh deiseanna ann freisin cleachtadh oilithreachta a fhiosr\u00fa go neamhfhoirmi\u00fail agus am chun comhr\u00e1 agus l\u00edonr\u00fa a dh\u00e9anamh le lucht freastail eile. Is rogha breise roghnach \u00e9 D\u00e9 Domhnaigh, 12 M\u00e1rta, \u00e1it a mbeidh deis ag rannph\u00e1irtithe cuid de bhealach nua an oilithrigh a shi\u00fal i Loch Garman n\u00f3 p\u00e1irt a ghlacadh i gceardlann amhr\u00e1na\u00edochta oilithreachta.<\/p>\n<p>T\u00e1thar ag s\u00fail go dtarraingeoidh an siomp\u00f3isiam tinreamh leathan lena n-\u00e1ir\u00edtear gn\u00f3lachta\u00ed \u00e1iti\u00fala sna tionscail f\u00e1ilteachais, treoraithe turais agus l\u00f3ist\u00edn, speisialt\u00f3ir\u00ed turas\u00f3ireachta spiorad\u00e1lta agus lucht d\u00e9anta beartas, lucht acad\u00fail agus taighdeoir\u00ed, ionadaithe rialtais \u00e1iti\u00fail agus gn\u00edomhaithe pobail.<\/p>\n<p>T\u00e1 an t-imeacht saor in aisce, oscailte do ch\u00e1ch agus \u00e1ir\u00edtear l\u00f3n saor in aisce ar an Satharn. Is f\u00e9idir \u00e9 a chur in \u00e1irithe ag: <a href=\"https:\/\/ancientconnections.org\/activities\">https:\/\/ancientconnections.org\/activities<\/a> .<\/p>\n<p>Cr\u00edochna\u00edonn<\/p>\n<p><strong>Le haghaidh tuilleadh eolais<\/strong><span> <\/span><\/p>\n<p><span>David Pepper (Oifigeach Oilithreachta Sir Benfro) 07985339009<\/span><span><br \/><\/span> <span>R\u00edomhphost:<\/span> <span><a href=\"mailto:david@britishpilgrimage.org\">david@britishpilgrimage.org<\/a><\/span><span> <\/span><\/p>\n<p><span>Eoghan Greene (Oifigeach Tionscadail, Naisc \u00c1rsa) 087 3386005<\/span><span><br \/><\/span> <span>R\u00edomhphost: Eoghan.Greene@wexfordcoco.ie<\/span><span> <\/span><\/p>\n<p>&#8212;&#8212;&#8212;<\/p>\n<p>N\u00d3TA\u00cd D&#8217;EAGARTH\u00d3IR\u00cd, T\u00c1IRG\u00cd CL\u00c1R<\/p>\n<p>In oirdheisceart na h\u00c9ireann agus in iardheisceart na Breataine Bige araon, cuireann traidisi\u00fan l\u00e1idir in i\u00fal go bhfuil Naomh Aod\u00e1n, a rugadh in \u00c9irinn, ag dul ar aistear chun staid\u00e9ar a dh\u00e9anamh faoi Naomh D\u00e1iv\u00ed, p\u00e1tr\u00fan na Breataine Bige. Bhronn David beacha meala ar Aidan nuair a d\u2019fhill s\u00e9 ar \u00c9irinn. Bh\u00ed rath orthu seo ansin laistigh den mhainistir ch\u00e1ili\u00fail a bhunaigh s\u00e9 ag Fearna. Crutha\u00edodh nasc ar feadh an tsaoil mar sin idir bheirt fhear naofa agus dh\u00e1 th\u00edr Cheilteach agus chuaigh David go Loch Garman n\u00edos d\u00e9ana\u00ed agus d\u2019fh\u00e1g s\u00e9 a rian ar an t\u00edrdhreach. D\u00e9anann an cos\u00e1n nua ceili\u00faradh ar an gcaidreamh idir an d\u00e1 naomh Ceilteach cl\u00faiteach.<\/p>\n<p>Comhph\u00e1irtithe a bhfuil baint acu le forbairt Shl\u00ed Oilithrigh Loch Garman-Pembrokeshire:<\/p>\n<p>Iontaobhas Oilithreachta na Breataine: <a href=\"https:\/\/britishpilgrimage.org\">https:\/\/britishpilgrimage.org<\/a><\/p>\n<p>Pilgrim Paths Ireland: <a href=\"https:\/\/www.pilgrimpath.ie\/\">https:\/\/www.pilgrimpath.ie\/<\/a><\/p>\n<p>Turas\u00f3ireacht: <a href=\"https:\/\/www.journeying.co.uk\">https:\/\/www.journeying.co.uk<\/a><\/p>\n<p>Oilithreacht Treoraithe: <a href=\"http:\/\/www.guidedpilgrimage.co.uk\">https:\/\/www.guidedpilgrimage.co.uk<\/a><\/p>\n<p>Naisc \u00c1rsa: <a href=\"https:\/\/ancientconnections.org\/\">https:\/\/ancientconnections.org\/<\/a><\/p>\n<p>[\/et_pb_text][\/et_pb_column][\/et_pb_row][et_pb_row column_structure=&#8221;1_2,1_2&#8243; _builder_version=&#8221;4.18.0&#8243; _module_preset=&#8221;default&#8221; global_colors_info=&#8221;{}&#8221; theme_builder_area=&#8221;post_content&#8221;][et_pb_column type=&#8221;1_2&#8243; _builder_version=&#8221;4.18.0&#8243; _module_preset=&#8221;default&#8221; global_colors_info=&#8221;{}&#8221; theme_builder_area=&#8221;post_content&#8221;][et_pb_image src=&#8221;https:\/\/wexfordpembrokeshirepilgrimway.org\/wp-content\/uploads\/2023\/02\/Oulart-750&#215;500-1.jpg&#8221; alt=&#8221;Oulart&#8221; title_text=&#8221;Oulart-750&#215;500&#8243; _builder_version=&#8221;4.20.0&#8243; _module_preset=&#8221;default&#8221; hover_enabled=&#8221;0&#8243; global_colors_info=&#8221;{}&#8221; theme_builder_area=&#8221;post_content&#8221; sticky_enabled=&#8221;0&#8243;][\/et_pb_image][\/et_pb_column][et_pb_column type=&#8221;1_2&#8243; _builder_version=&#8221;4.18.0&#8243; _module_preset=&#8221;default&#8221; global_colors_info=&#8221;{}&#8221; theme_builder_area=&#8221;post_content&#8221;][et_pb_image src=&#8221;https:\/\/wexfordpembrokeshirepilgrimway.org\/wp-content\/uploads\/2023\/02\/Ferns-750&#215;500-1.jpg&#8221; alt=&#8221;Mainistir Fhearna&#8221; title_text=&#8221;Raithneach-750&#215;500&#8243; _builder_version=&#8221;4.20.0&#8243; _module_preset=&#8221;default&#8221; hover_enabled=&#8221;0&#8243; global_colors_info=&#8221;{}&#8221; theme_builder_area=&#8221;post_content&#8221; sticky_enabled=&#8221;0&#8243;][\/et_pb_image][\/et_pb_column][\/et_pb_row][\/et_pb_section]<\/p>\n<span class=\"et_bloom_bottom_trigger\"><\/span>","protected":false},"excerpt":{"rendered":"<p>Sonra\u00ed faoin siomp\u00f3isiam oilithreachta in Inis C\u00f3rthaidh i Loch Garman, \u00c9ire le cainteoir\u00ed ina measc Satish Kumar agus an Dr Sarah Rowland-Jones.<\/p>\n","protected":false},"author":1,"featured_media":7425,"comment_status":"closed","ping_status":"closed","sticky":false,"template":"","format":"standard","meta":{"_et_pb_use_builder":"on","_et_pb_old_content":"","_et_gb_content_width":"","_monsterinsights_skip_tracking":false,"_monsterinsights_sitenote_active":false,"_monsterinsights_sitenote_note":"","_monsterinsights_sitenote_category":0,"footnotes":""},"categories":[32,31],"tags":[],"class_list":["post-7436","post","type-post","status-publish","format-standard","has-post-thumbnail","hentry","category-eireann","category-preaseisiuinti"],"yoast_head":"<!-- This site is optimized with the Yoast SEO plugin v27.5 - https:\/\/yoast.com\/product\/yoast-seo-wordpress\/ -->\n<title>PREASR\u00c1ITEAS - Feabhra 2023 - Wexford-Pembrokeshire Pilgrim Way<\/title>\n<meta name=\"description\" content=\"Sonra\u00ed faoin siomp\u00f3isiam oilithreachta in Inis C\u00f3rthaidh i Loch Garman, \u00c9ire le cainteoir\u00ed ina measc Satish Kumar agus an Dr Sarah Rowland-Jones.\" \/>\n<meta name=\"robots\" content=\"index, follow, max-snippet:-1, max-image-preview:large, max-video-preview:-1\" \/>\n<link rel=\"canonical\" href=\"https:\/\/wexfordpembrokeshirepilgrimway.org\/ga\/preasraiteas-feabhra-2023\/\" \/>\n<meta property=\"og:locale\" content=\"ga_IE\" \/>\n<meta property=\"og:type\" content=\"article\" \/>\n<meta property=\"og:title\" content=\"PREASR\u00c1ITEAS - Feabhra 2023 - Wexford-Pembrokeshire Pilgrim Way\" \/>\n<meta property=\"og:description\" content=\"Sonra\u00ed faoin siomp\u00f3isiam oilithreachta in Inis C\u00f3rthaidh i Loch Garman, \u00c9ire le cainteoir\u00ed ina measc Satish Kumar agus an Dr Sarah Rowland-Jones.\" \/>\n<meta property=\"og:url\" content=\"https:\/\/wexfordpembrokeshirepilgrimway.org\/ga\/preasraiteas-feabhra-2023\/\" \/>\n<meta property=\"og:site_name\" content=\"Wexford-Pembrokeshire Pilgrim Way\" \/>\n<meta property=\"article:published_time\" content=\"2023-02-21T14:23:49+00:00\" \/>\n<meta property=\"article:modified_time\" content=\"2026-04-18T13:37:59+00:00\" \/>\n<meta property=\"og:image\" content=\"https:\/\/wexfordpembrokeshirepilgrimway.org\/wp-content\/uploads\/2023\/02\/Carrigfoyle-1920x1280-1.jpg\" \/>\n\t<meta property=\"og:image:width\" content=\"1920\" \/>\n\t<meta property=\"og:image:height\" content=\"1280\" \/>\n\t<meta property=\"og:image:type\" content=\"image\/jpeg\" \/>\n<meta name=\"author\" content=\"CA-74uQzBJ1-bees\" \/>\n<meta name=\"twitter:card\" content=\"summary_large_image\" \/>\n<meta name=\"twitter:label1\" content=\"Written by\" \/>\n\t<meta name=\"twitter:data1\" content=\"CA-74uQzBJ1-bees\" \/>\n\t<meta name=\"twitter:label2\" content=\"Est. reading time\" \/>\n\t<meta name=\"twitter:data2\" content=\"5 minutes\" \/>\n<script type=\"application\/ld+json\" class=\"yoast-schema-graph\">{\"@context\":\"https:\\\/\\\/schema.org\",\"@graph\":[{\"@type\":\"Article\",\"@id\":\"https:\\\/\\\/wexfordpembrokeshirepilgrimway.org\\\/ga\\\/preasraiteas-feabhra-2023\\\/#article\",\"isPartOf\":{\"@id\":\"https:\\\/\\\/wexfordpembrokeshirepilgrimway.org\\\/ga\\\/preasraiteas-feabhra-2023\\\/\"},\"author\":{\"name\":\"CA-74uQzBJ1-bees\",\"@id\":\"https:\\\/\\\/wexfordpembrokeshirepilgrimway.org\\\/ga\\\/#\\\/schema\\\/person\\\/111978d90d367e1167fb64b94a0941b2\"},\"headline\":\"PREASR\u00c1ITEAS &#8211; Feabhra 2023\",\"datePublished\":\"2023-02-21T14:23:49+00:00\",\"dateModified\":\"2026-04-18T13:37:59+00:00\",\"mainEntityOfPage\":{\"@id\":\"https:\\\/\\\/wexfordpembrokeshirepilgrimway.org\\\/ga\\\/preasraiteas-feabhra-2023\\\/\"},\"wordCount\":906,\"image\":{\"@id\":\"https:\\\/\\\/wexfordpembrokeshirepilgrimway.org\\\/ga\\\/preasraiteas-feabhra-2023\\\/#primaryimage\"},\"thumbnailUrl\":\"https:\\\/\\\/wexfordpembrokeshirepilgrimway.org\\\/wp-content\\\/uploads\\\/2023\\\/02\\\/Carrigfoyle-1920x1280-1.jpg\",\"articleSection\":[\"\u00c9ireann\",\"Preaseisi\u00faint\u00ed\"],\"inLanguage\":\"ga-IE\"},{\"@type\":\"WebPage\",\"@id\":\"https:\\\/\\\/wexfordpembrokeshirepilgrimway.org\\\/ga\\\/preasraiteas-feabhra-2023\\\/\",\"url\":\"https:\\\/\\\/wexfordpembrokeshirepilgrimway.org\\\/ga\\\/preasraiteas-feabhra-2023\\\/\",\"name\":\"PREASR\u00c1ITEAS - Feabhra 2023 - Wexford-Pembrokeshire Pilgrim Way\",\"isPartOf\":{\"@id\":\"https:\\\/\\\/wexfordpembrokeshirepilgrimway.org\\\/ga\\\/#website\"},\"primaryImageOfPage\":{\"@id\":\"https:\\\/\\\/wexfordpembrokeshirepilgrimway.org\\\/ga\\\/preasraiteas-feabhra-2023\\\/#primaryimage\"},\"image\":{\"@id\":\"https:\\\/\\\/wexfordpembrokeshirepilgrimway.org\\\/ga\\\/preasraiteas-feabhra-2023\\\/#primaryimage\"},\"thumbnailUrl\":\"https:\\\/\\\/wexfordpembrokeshirepilgrimway.org\\\/wp-content\\\/uploads\\\/2023\\\/02\\\/Carrigfoyle-1920x1280-1.jpg\",\"datePublished\":\"2023-02-21T14:23:49+00:00\",\"dateModified\":\"2026-04-18T13:37:59+00:00\",\"author\":{\"@id\":\"https:\\\/\\\/wexfordpembrokeshirepilgrimway.org\\\/ga\\\/#\\\/schema\\\/person\\\/111978d90d367e1167fb64b94a0941b2\"},\"description\":\"Sonra\u00ed faoin siomp\u00f3isiam oilithreachta in Inis C\u00f3rthaidh i Loch Garman, \u00c9ire le cainteoir\u00ed ina measc Satish Kumar agus an Dr Sarah Rowland-Jones.\",\"breadcrumb\":{\"@id\":\"https:\\\/\\\/wexfordpembrokeshirepilgrimway.org\\\/ga\\\/preasraiteas-feabhra-2023\\\/#breadcrumb\"},\"inLanguage\":\"ga-IE\",\"potentialAction\":[{\"@type\":\"ReadAction\",\"target\":[\"https:\\\/\\\/wexfordpembrokeshirepilgrimway.org\\\/ga\\\/preasraiteas-feabhra-2023\\\/\"]}]},{\"@type\":\"ImageObject\",\"inLanguage\":\"ga-IE\",\"@id\":\"https:\\\/\\\/wexfordpembrokeshirepilgrimway.org\\\/ga\\\/preasraiteas-feabhra-2023\\\/#primaryimage\",\"url\":\"https:\\\/\\\/wexfordpembrokeshirepilgrimway.org\\\/wp-content\\\/uploads\\\/2023\\\/02\\\/Carrigfoyle-1920x1280-1.jpg\",\"contentUrl\":\"https:\\\/\\\/wexfordpembrokeshirepilgrimway.org\\\/wp-content\\\/uploads\\\/2023\\\/02\\\/Carrigfoyle-1920x1280-1.jpg\",\"width\":1920,\"height\":1280,\"caption\":\"Carrigfoyle Quarry\"},{\"@type\":\"BreadcrumbList\",\"@id\":\"https:\\\/\\\/wexfordpembrokeshirepilgrimway.org\\\/ga\\\/preasraiteas-feabhra-2023\\\/#breadcrumb\",\"itemListElement\":[{\"@type\":\"ListItem\",\"position\":1,\"name\":\"Home\",\"item\":\"https:\\\/\\\/wexfordpembrokeshirepilgrimway.org\\\/ga\\\/baile\\\/\"},{\"@type\":\"ListItem\",\"position\":2,\"name\":\"PREASR\u00c1ITEAS &#8211; Feabhra 2023\"}]},{\"@type\":\"WebSite\",\"@id\":\"https:\\\/\\\/wexfordpembrokeshirepilgrimway.org\\\/ga\\\/#website\",\"url\":\"https:\\\/\\\/wexfordpembrokeshirepilgrimway.org\\\/ga\\\/\",\"name\":\"Wexford-Pembrokeshire Pilgrim Way\",\"description\":\"\",\"potentialAction\":[{\"@type\":\"SearchAction\",\"target\":{\"@type\":\"EntryPoint\",\"urlTemplate\":\"https:\\\/\\\/wexfordpembrokeshirepilgrimway.org\\\/ga\\\/?s={search_term_string}\"},\"query-input\":{\"@type\":\"PropertyValueSpecification\",\"valueRequired\":true,\"valueName\":\"search_term_string\"}}],\"inLanguage\":\"ga-IE\"},{\"@type\":\"Person\",\"@id\":\"https:\\\/\\\/wexfordpembrokeshirepilgrimway.org\\\/ga\\\/#\\\/schema\\\/person\\\/111978d90d367e1167fb64b94a0941b2\",\"name\":\"CA-74uQzBJ1-bees\",\"image\":{\"@type\":\"ImageObject\",\"inLanguage\":\"ga-IE\",\"@id\":\"https:\\\/\\\/secure.gravatar.com\\\/avatar\\\/6f859aa7989641e7f57b905f7070f796883d02e979bb4e058fbcade3f6dcf79b?s=96&d=mm&r=g\",\"url\":\"https:\\\/\\\/secure.gravatar.com\\\/avatar\\\/6f859aa7989641e7f57b905f7070f796883d02e979bb4e058fbcade3f6dcf79b?s=96&d=mm&r=g\",\"contentUrl\":\"https:\\\/\\\/secure.gravatar.com\\\/avatar\\\/6f859aa7989641e7f57b905f7070f796883d02e979bb4e058fbcade3f6dcf79b?s=96&d=mm&r=g\",\"caption\":\"CA-74uQzBJ1-bees\"},\"sameAs\":[\"https:\\\/\\\/bees.cswebmedia.co.uk\"],\"url\":\"https:\\\/\\\/wexfordpembrokeshirepilgrimway.org\\\/ga\\\/author\\\/ca-74uqzbj1-bees\\\/\"}]}<\/script>\n<!-- \/ Yoast SEO plugin. -->","yoast_head_json":{"title":"PREASR\u00c1ITEAS - Feabhra 2023 - Wexford-Pembrokeshire Pilgrim Way","description":"Sonra\u00ed faoin siomp\u00f3isiam oilithreachta in Inis C\u00f3rthaidh i Loch Garman, \u00c9ire le cainteoir\u00ed ina measc Satish Kumar agus an Dr Sarah Rowland-Jones.","robots":{"index":"index","follow":"follow","max-snippet":"max-snippet:-1","max-image-preview":"max-image-preview:large","max-video-preview":"max-video-preview:-1"},"canonical":"https:\/\/wexfordpembrokeshirepilgrimway.org\/ga\/preasraiteas-feabhra-2023\/","og_locale":"ga_IE","og_type":"article","og_title":"PREASR\u00c1ITEAS - Feabhra 2023 - Wexford-Pembrokeshire Pilgrim Way","og_description":"Sonra\u00ed faoin siomp\u00f3isiam oilithreachta in Inis C\u00f3rthaidh i Loch Garman, \u00c9ire le cainteoir\u00ed ina measc Satish Kumar agus an Dr Sarah Rowland-Jones.","og_url":"https:\/\/wexfordpembrokeshirepilgrimway.org\/ga\/preasraiteas-feabhra-2023\/","og_site_name":"Wexford-Pembrokeshire Pilgrim Way","article_published_time":"2023-02-21T14:23:49+00:00","article_modified_time":"2026-04-18T13:37:59+00:00","og_image":[{"width":1920,"height":1280,"url":"https:\/\/wexfordpembrokeshirepilgrimway.org\/wp-content\/uploads\/2023\/02\/Carrigfoyle-1920x1280-1.jpg","type":"image\/jpeg"}],"author":"CA-74uQzBJ1-bees","twitter_card":"summary_large_image","twitter_misc":{"Written by":"CA-74uQzBJ1-bees","Est. reading time":"5 minutes"},"schema":{"@context":"https:\/\/schema.org","@graph":[{"@type":"Article","@id":"https:\/\/wexfordpembrokeshirepilgrimway.org\/ga\/preasraiteas-feabhra-2023\/#article","isPartOf":{"@id":"https:\/\/wexfordpembrokeshirepilgrimway.org\/ga\/preasraiteas-feabhra-2023\/"},"author":{"name":"CA-74uQzBJ1-bees","@id":"https:\/\/wexfordpembrokeshirepilgrimway.org\/ga\/#\/schema\/person\/111978d90d367e1167fb64b94a0941b2"},"headline":"PREASR\u00c1ITEAS &#8211; Feabhra 2023","datePublished":"2023-02-21T14:23:49+00:00","dateModified":"2026-04-18T13:37:59+00:00","mainEntityOfPage":{"@id":"https:\/\/wexfordpembrokeshirepilgrimway.org\/ga\/preasraiteas-feabhra-2023\/"},"wordCount":906,"image":{"@id":"https:\/\/wexfordpembrokeshirepilgrimway.org\/ga\/preasraiteas-feabhra-2023\/#primaryimage"},"thumbnailUrl":"https:\/\/wexfordpembrokeshirepilgrimway.org\/wp-content\/uploads\/2023\/02\/Carrigfoyle-1920x1280-1.jpg","articleSection":["\u00c9ireann","Preaseisi\u00faint\u00ed"],"inLanguage":"ga-IE"},{"@type":"WebPage","@id":"https:\/\/wexfordpembrokeshirepilgrimway.org\/ga\/preasraiteas-feabhra-2023\/","url":"https:\/\/wexfordpembrokeshirepilgrimway.org\/ga\/preasraiteas-feabhra-2023\/","name":"PREASR\u00c1ITEAS - Feabhra 2023 - Wexford-Pembrokeshire Pilgrim Way","isPartOf":{"@id":"https:\/\/wexfordpembrokeshirepilgrimway.org\/ga\/#website"},"primaryImageOfPage":{"@id":"https:\/\/wexfordpembrokeshirepilgrimway.org\/ga\/preasraiteas-feabhra-2023\/#primaryimage"},"image":{"@id":"https:\/\/wexfordpembrokeshirepilgrimway.org\/ga\/preasraiteas-feabhra-2023\/#primaryimage"},"thumbnailUrl":"https:\/\/wexfordpembrokeshirepilgrimway.org\/wp-content\/uploads\/2023\/02\/Carrigfoyle-1920x1280-1.jpg","datePublished":"2023-02-21T14:23:49+00:00","dateModified":"2026-04-18T13:37:59+00:00","author":{"@id":"https:\/\/wexfordpembrokeshirepilgrimway.org\/ga\/#\/schema\/person\/111978d90d367e1167fb64b94a0941b2"},"description":"Sonra\u00ed faoin siomp\u00f3isiam oilithreachta in Inis C\u00f3rthaidh i Loch Garman, \u00c9ire le cainteoir\u00ed ina measc Satish Kumar agus an Dr Sarah Rowland-Jones.","breadcrumb":{"@id":"https:\/\/wexfordpembrokeshirepilgrimway.org\/ga\/preasraiteas-feabhra-2023\/#breadcrumb"},"inLanguage":"ga-IE","potentialAction":[{"@type":"ReadAction","target":["https:\/\/wexfordpembrokeshirepilgrimway.org\/ga\/preasraiteas-feabhra-2023\/"]}]},{"@type":"ImageObject","inLanguage":"ga-IE","@id":"https:\/\/wexfordpembrokeshirepilgrimway.org\/ga\/preasraiteas-feabhra-2023\/#primaryimage","url":"https:\/\/wexfordpembrokeshirepilgrimway.org\/wp-content\/uploads\/2023\/02\/Carrigfoyle-1920x1280-1.jpg","contentUrl":"https:\/\/wexfordpembrokeshirepilgrimway.org\/wp-content\/uploads\/2023\/02\/Carrigfoyle-1920x1280-1.jpg","width":1920,"height":1280,"caption":"Carrigfoyle Quarry"},{"@type":"BreadcrumbList","@id":"https:\/\/wexfordpembrokeshirepilgrimway.org\/ga\/preasraiteas-feabhra-2023\/#breadcrumb","itemListElement":[{"@type":"ListItem","position":1,"name":"Home","item":"https:\/\/wexfordpembrokeshirepilgrimway.org\/ga\/baile\/"},{"@type":"ListItem","position":2,"name":"PREASR\u00c1ITEAS &#8211; Feabhra 2023"}]},{"@type":"WebSite","@id":"https:\/\/wexfordpembrokeshirepilgrimway.org\/ga\/#website","url":"https:\/\/wexfordpembrokeshirepilgrimway.org\/ga\/","name":"Wexford-Pembrokeshire Pilgrim Way","description":"","potentialAction":[{"@type":"SearchAction","target":{"@type":"EntryPoint","urlTemplate":"https:\/\/wexfordpembrokeshirepilgrimway.org\/ga\/?s={search_term_string}"},"query-input":{"@type":"PropertyValueSpecification","valueRequired":true,"valueName":"search_term_string"}}],"inLanguage":"ga-IE"},{"@type":"Person","@id":"https:\/\/wexfordpembrokeshirepilgrimway.org\/ga\/#\/schema\/person\/111978d90d367e1167fb64b94a0941b2","name":"CA-74uQzBJ1-bees","image":{"@type":"ImageObject","inLanguage":"ga-IE","@id":"https:\/\/secure.gravatar.com\/avatar\/6f859aa7989641e7f57b905f7070f796883d02e979bb4e058fbcade3f6dcf79b?s=96&d=mm&r=g","url":"https:\/\/secure.gravatar.com\/avatar\/6f859aa7989641e7f57b905f7070f796883d02e979bb4e058fbcade3f6dcf79b?s=96&d=mm&r=g","contentUrl":"https:\/\/secure.gravatar.com\/avatar\/6f859aa7989641e7f57b905f7070f796883d02e979bb4e058fbcade3f6dcf79b?s=96&d=mm&r=g","caption":"CA-74uQzBJ1-bees"},"sameAs":["https:\/\/bees.cswebmedia.co.uk"],"url":"https:\/\/wexfordpembrokeshirepilgrimway.org\/ga\/author\/ca-74uqzbj1-bees\/"}]}},"featured_image_src":"https:\/\/wexfordpembrokeshirepilgrimway.org\/wp-content\/uploads\/2023\/02\/Carrigfoyle-1920x1280-1.jpg","featured_image_src_square":"https:\/\/wexfordpembrokeshirepilgrimway.org\/wp-content\/uploads\/2023\/02\/Carrigfoyle-1920x1280-1.jpg","author_info":{"display_name":"CA-74uQzBJ1-bees","author_link":"https:\/\/wexfordpembrokeshirepilgrimway.org\/ga\/author\/ca-74uqzbj1-bees\/"},"_links":{"self":[{"href":"https:\/\/wexfordpembrokeshirepilgrimway.org\/ga\/wp-json\/wp\/v2\/posts\/7436","targetHints":{"allow":["GET"]}}],"collection":[{"href":"https:\/\/wexfordpembrokeshirepilgrimway.org\/ga\/wp-json\/wp\/v2\/posts"}],"about":[{"href":"https:\/\/wexfordpembrokeshirepilgrimway.org\/ga\/wp-json\/wp\/v2\/types\/post"}],"author":[{"embeddable":true,"href":"https:\/\/wexfordpembrokeshirepilgrimway.org\/ga\/wp-json\/wp\/v2\/users\/1"}],"replies":[{"embeddable":true,"href":"https:\/\/wexfordpembrokeshirepilgrimway.org\/ga\/wp-json\/wp\/v2\/comments?post=7436"}],"version-history":[{"count":0,"href":"https:\/\/wexfordpembrokeshirepilgrimway.org\/ga\/wp-json\/wp\/v2\/posts\/7436\/revisions"}],"wp:featuredmedia":[{"embeddable":true,"href":"https:\/\/wexfordpembrokeshirepilgrimway.org\/ga\/wp-json\/wp\/v2\/media\/7425"}],"wp:attachment":[{"href":"https:\/\/wexfordpembrokeshirepilgrimway.org\/ga\/wp-json\/wp\/v2\/media?parent=7436"}],"wp:term":[{"taxonomy":"category","embeddable":true,"href":"https:\/\/wexfordpembrokeshirepilgrimway.org\/ga\/wp-json\/wp\/v2\/categories?post=7436"},{"taxonomy":"post_tag","embeddable":true,"href":"https:\/\/wexfordpembrokeshirepilgrimway.org\/ga\/wp-json\/wp\/v2\/tags?post=7436"}],"curies":[{"name":"wp","href":"https:\/\/api.w.org\/{rel}","templated":true}]}}