{"id":7469,"date":"2023-03-02T23:52:29","date_gmt":"2023-03-02T23:52:29","guid":{"rendered":"https:\/\/wexfordpembrokeshirepilgrimway.org\/la-fheile-daithi-a-cheiliuradh\/"},"modified":"2026-04-18T13:38:00","modified_gmt":"2026-04-18T13:38:00","slug":"la-fheile-daithi-a-cheiliuradh","status":"publish","type":"post","link":"https:\/\/wexfordpembrokeshirepilgrimway.org\/ga\/la-fheile-daithi-a-cheiliuradh\/","title":{"rendered":"L\u00e1 Fh\u00e9ile D\u00e1ith\u00ed \u00e1 cheili\u00faradh"},"content":{"rendered":"<p>[et_pb_section fb_built=&#8221;1&#8243; _builder_version=&#8221;4.18.0&#8243; _module_preset=&#8221;default&#8221; custom_padding=&#8221;0px||0px||false|false&#8221; global_colors_info=&#8221;{}&#8221; theme_builder_area=&#8221;post_content&#8221;][et_pb_row _builder_version=&#8221;4.18.0&#8243; _module_preset=&#8221;default&#8221; global_colors_info=&#8221;{}&#8221; theme_builder_area=&#8221;post_content&#8221;][et_pb_column type=&#8221;4_4&#8243; _builder_version=&#8221;4.18.0&#8243; _module_preset=&#8221;default&#8221; global_colors_info=&#8221;{}&#8221; theme_builder_area=&#8221;post_content&#8221;][et_pb_text _builder_version=&#8221;4.20.0&#8243; _module_preset=&#8221;default&#8221; hover_enabled=&#8221;0&#8243; global_colors_info=&#8221;{}&#8221; theme_builder_area=&#8221;post_content&#8221; sticky_enabled=&#8221;0&#8243;]<\/p>\n<p>Rinne gr\u00fapa beag oilithrigh a mbealach feadh Bhealach Oilithrigh Loch Garman-Pembrokeshire chun teacht go D\u00fan na S\u00e9ad do cheili\u00faradh L\u00e1 Fh\u00e9ile David. <\/p>\n<p>In ainneoin na fuachta agus na gaoithe, bhailigh slua maith ag Tobar Naomh Non do bheannacht thraidisi\u00fanta L\u00e1 Fh\u00e9ile David. Phr\u00f3ise\u00e1il muid isteach sa bhaile ansin le iomann agus amhr\u00e1in ar an mbealach ag dul thar na p\u00e1ist\u00ed scoile ag dul go dt\u00ed an tobar le haghaidh a gceili\u00faradh f\u00e9in. <\/p>\n<p>Shroicheamar Oriel y Parc ar 12:00 me\u00e1n lae f\u00e9achaint an mbeadh an ghrian ag taitneamh s\u00edos an poll sa Chloch L\u00e1 Fh\u00e9ile David chun an d\u00e1n at\u00e1 scr\u00edofa th\u00edos a shoilsi\u00fa. De ghn\u00e1th b\u00edonn s\u00e9 r\u00f3-scamallach ach ba eisceacht \u00ed 2023 agus le ail\u00edni\u00fa foirfe, agus le g\u00e1rtha \u00f3n slua, chuaigh seafta solas na gr\u00e9ine tr\u00edd an bpoll.<\/p>\n<p>Tar \u00e9is tuilleadh beannachta\u00ed i gcearn\u00f3g an bhaile, chr\u00edochnaigh an mh\u00f3rshi\u00fal ag Scr\u00edn Naomh Dh\u00e1iv\u00ed san Ardeaglais le seirbh\u00eds ghearr. Ach lean an ceili\u00faradh ar aghaidh n\u00edos d\u00e9ana\u00ed le craoladh beo d\u2019amhr\u00e1n cothrom na hArdeaglaise. Cr\u00edoch iontach le hoilithreacht ghearr ach fuinni\u00fail. <span><\/span><\/p>\n<p>[\/et_pb_text][et_pb_video src=&#8221;https:\/\/youtu.be\/nCdjfzbjiLY&#8221; _builder_version=&#8221;4.20.0&#8243; _module_preset=&#8221;default&#8221; hover_enabled=&#8221;0&#8243; global_colors_info=&#8221;{}&#8221; theme_builder_area=&#8221;post_content&#8221; sticky_enabled=&#8221;0&#8243;][\/et_pb_video][et_pb_text _builder_version=&#8221;4.20.0&#8243; _module_preset=&#8221;default&#8221; min_height=&#8221;219px&#8221; hover_enabled=&#8221;0&#8243; global_colors_info=&#8221;{}&#8221; theme_builder_area=&#8221;post_content&#8221; sticky_enabled=&#8221;0&#8243;]<\/p>\n<p>Is \u00e9 \u00e1r gc\u00e9ad imeacht si\u00fal\u00f3ide oilithreachta eile sa cheantar n\u00e1 L\u00e1 Oilithreachta Ph\u00e1draig ar an Satharn 18 M\u00e1rta:<\/p>\n<p style=\"padding-left: 40px;\"><strong>L\u00e1 Oilithreachta Naomh P\u00e1draig<\/strong><br \/> Ar Deireadh Seachtaine L\u00e1 Fh\u00e9ile P\u00e1draig, ceili\u00fair na naisc idir \u00c9ire agus an Bhreatain Bheag ar an mBealach Oilithrigh nua \u00f3 Loch Garman go Sir Benfro. Oilithreacht \u00f3 Naomh Peadar Goodwick go S\u00e9ip\u00e9al Naomh Gwyndaf &amp; Tobar Naofa Llanwnda le saineola\u00ed BPT \u00f3 Loch Garman-Pembrokeshrie Pilgrim Way David Pepper, ag ceili\u00faradh Deireadh Seachtaine Ph\u00e1draig &amp; na naisc idir an d\u00e1 N\u00e1isi\u00fan Ceilteacha. (Faid: 6 mh\u00edle)<\/p>\n<p style=\"padding-left: 40px;\"><a href=\"https:\/\/www.eventbrite.co.uk\/e\/wexford-pembrokeshire-pilgrim-way-st-patricks-pilgrimage-day-tickets-510084806387\" target=\"_blank\" rel=\"noopener\"><strong>Tuilleadh eolais<\/strong><\/a><\/p>\n<p>[\/et_pb_text][\/et_pb_column][\/et_pb_row][et_pb_row column_structure=&#8221;1_2,1_2&#8243; _builder_version=&#8221;4.18.0&#8243; _module_preset=&#8221;default&#8221; global_colors_info=&#8221;{}&#8221; theme_builder_area=&#8221;post_content&#8221;][et_pb_column type=&#8221;1_2&#8243; _builder_version=&#8221;4.18.0&#8243; _module_preset=&#8221;default&#8221; global_colors_info=&#8221;{}&#8221; theme_builder_area=&#8221;post_content&#8221;][et_pb_image src=&#8221;https:\/\/wexfordpembrokeshirepilgrimway.org\/wp-content\/uploads\/2023\/03\/StDavidsDay-2023-2.jpg&#8221; alt=&#8221;Maen Dewi&#8221; title_text=&#8221;L\u00e1 Fh\u00e9ile P\u00e1draig-2023-2&#8243; _builder_version=&#8221;4.20.0&#8243; _module_preset=&#8221;default&#8221; hover_enabled=&#8221;0&#8243; global_colors_info=&#8221;{}&#8221; theme_builder_area=&#8221;post_content&#8221; sticky_enabled=&#8221;0&#8243;][\/et_pb_image][\/et_pb_column][et_pb_column type=&#8221;1_2&#8243; _builder_version=&#8221;4.18.0&#8243; _module_preset=&#8221;default&#8221; global_colors_info=&#8221;{}&#8221; theme_builder_area=&#8221;post_content&#8221;][et_pb_image src=&#8221;https:\/\/wexfordpembrokeshirepilgrimway.org\/wp-content\/uploads\/2023\/03\/StDavidsDay-2023-1.jpg&#8221; alt=&#8221;Beannacht ag Tobar Naomh Non&#8221; title_text=&#8221;L\u00e1 Fh\u00e9ile P\u00e1draig-2023-1&#8243; _builder_version=&#8221;4.20.0&#8243; _module_preset=&#8221;default&#8221; hover_enabled=&#8221;0&#8243; global_colors_info=&#8221;{}&#8221; theme_builder_area=&#8221;post_content&#8221; sticky_enabled=&#8221;0&#8243;][\/et_pb_image][\/et_pb_column][\/et_pb_row][\/et_pb_section]<\/p>\n<span class=\"et_bloom_bottom_trigger\"><\/span>","protected":false},"excerpt":{"rendered":"<p>L\u00e1 Fh\u00e9ile D\u00e1ith\u00ed \u00e1 cheili\u00faradh ar an 1 M\u00e1rta 2023 le hoilithreacht le teacht go Tobar Naomh Non in am don bheannacht agus don mh\u00f3rshi\u00fal. <\/p>\n","protected":false},"author":1,"featured_media":7461,"comment_status":"closed","ping_status":"closed","sticky":false,"template":"","format":"standard","meta":{"_et_pb_use_builder":"on","_et_pb_old_content":"","_et_gb_content_width":"","_monsterinsights_skip_tracking":false,"_monsterinsights_sitenote_active":false,"_monsterinsights_sitenote_note":"","_monsterinsights_sitenote_category":0,"footnotes":""},"categories":[37],"tags":[],"class_list":["post-7469","post","type-post","status-publish","format-standard","has-post-thumbnail","hentry","category-an-bhreatain-bheag"],"yoast_head":"<!-- This site is optimized with the Yoast SEO plugin v27.4 - https:\/\/yoast.com\/product\/yoast-seo-wordpress\/ -->\n<title>L\u00e1 Fh\u00e9ile D\u00e1ith\u00ed \u00e1 cheili\u00faradh - Wexford-Pembrokeshire Pilgrim Way<\/title>\n<meta name=\"description\" content=\"L\u00e1 Fh\u00e9ile D\u00e1ith\u00ed \u00e1 cheili\u00faradh ar an 1 M\u00e1rta 2023 le hoilithreacht le teacht go Tobar Naomh Non in am don bheannacht agus don mh\u00f3rshi\u00fal.\" \/>\n<meta name=\"robots\" content=\"index, follow, max-snippet:-1, max-image-preview:large, max-video-preview:-1\" \/>\n<link rel=\"canonical\" href=\"https:\/\/wexfordpembrokeshirepilgrimway.org\/ga\/la-fheile-daithi-a-cheiliuradh\/\" \/>\n<meta property=\"og:locale\" content=\"ga_IE\" \/>\n<meta property=\"og:type\" content=\"article\" \/>\n<meta property=\"og:title\" content=\"L\u00e1 Fh\u00e9ile D\u00e1ith\u00ed \u00e1 cheili\u00faradh - Wexford-Pembrokeshire Pilgrim Way\" \/>\n<meta property=\"og:description\" content=\"L\u00e1 Fh\u00e9ile D\u00e1ith\u00ed \u00e1 cheili\u00faradh ar an 1 M\u00e1rta 2023 le hoilithreacht le teacht go Tobar Naomh Non in am don bheannacht agus don mh\u00f3rshi\u00fal.\" \/>\n<meta property=\"og:url\" content=\"https:\/\/wexfordpembrokeshirepilgrimway.org\/ga\/la-fheile-daithi-a-cheiliuradh\/\" \/>\n<meta property=\"og:site_name\" content=\"Wexford-Pembrokeshire Pilgrim Way\" \/>\n<meta property=\"article:published_time\" content=\"2023-03-02T23:52:29+00:00\" \/>\n<meta property=\"article:modified_time\" content=\"2026-04-18T13:38:00+00:00\" \/>\n<meta property=\"og:image\" content=\"https:\/\/wexfordpembrokeshirepilgrimway.org\/wp-content\/uploads\/2023\/03\/StDavidsDay-2023.jpg\" \/>\n\t<meta property=\"og:image:width\" content=\"1920\" \/>\n\t<meta property=\"og:image:height\" content=\"1280\" \/>\n\t<meta property=\"og:image:type\" content=\"image\/jpeg\" \/>\n<meta name=\"author\" content=\"CA-74uQzBJ1-bees\" \/>\n<meta name=\"twitter:card\" content=\"summary_large_image\" \/>\n<meta name=\"twitter:label1\" content=\"Written by\" \/>\n\t<meta name=\"twitter:data1\" content=\"CA-74uQzBJ1-bees\" \/>\n\t<meta name=\"twitter:label2\" content=\"Est. reading time\" \/>\n\t<meta name=\"twitter:data2\" content=\"3 minutes\" \/>\n<script type=\"application\/ld+json\" class=\"yoast-schema-graph\">{\"@context\":\"https:\\\/\\\/schema.org\",\"@graph\":[{\"@type\":\"Article\",\"@id\":\"https:\\\/\\\/wexfordpembrokeshirepilgrimway.org\\\/ga\\\/la-fheile-daithi-a-cheiliuradh\\\/#article\",\"isPartOf\":{\"@id\":\"https:\\\/\\\/wexfordpembrokeshirepilgrimway.org\\\/ga\\\/la-fheile-daithi-a-cheiliuradh\\\/\"},\"author\":{\"name\":\"CA-74uQzBJ1-bees\",\"@id\":\"https:\\\/\\\/wexfordpembrokeshirepilgrimway.org\\\/ga\\\/#\\\/schema\\\/person\\\/111978d90d367e1167fb64b94a0941b2\"},\"headline\":\"L\u00e1 Fh\u00e9ile D\u00e1ith\u00ed \u00e1 cheili\u00faradh\",\"datePublished\":\"2023-03-02T23:52:29+00:00\",\"dateModified\":\"2026-04-18T13:38:00+00:00\",\"mainEntityOfPage\":{\"@id\":\"https:\\\/\\\/wexfordpembrokeshirepilgrimway.org\\\/ga\\\/la-fheile-daithi-a-cheiliuradh\\\/\"},\"wordCount\":610,\"image\":{\"@id\":\"https:\\\/\\\/wexfordpembrokeshirepilgrimway.org\\\/ga\\\/la-fheile-daithi-a-cheiliuradh\\\/#primaryimage\"},\"thumbnailUrl\":\"https:\\\/\\\/wexfordpembrokeshirepilgrimway.org\\\/wp-content\\\/uploads\\\/2023\\\/03\\\/StDavidsDay-2023.jpg\",\"articleSection\":[\"An Bhreatain Bheag\"],\"inLanguage\":\"ga-IE\"},{\"@type\":\"WebPage\",\"@id\":\"https:\\\/\\\/wexfordpembrokeshirepilgrimway.org\\\/ga\\\/la-fheile-daithi-a-cheiliuradh\\\/\",\"url\":\"https:\\\/\\\/wexfordpembrokeshirepilgrimway.org\\\/ga\\\/la-fheile-daithi-a-cheiliuradh\\\/\",\"name\":\"L\u00e1 Fh\u00e9ile D\u00e1ith\u00ed \u00e1 cheili\u00faradh - Wexford-Pembrokeshire Pilgrim Way\",\"isPartOf\":{\"@id\":\"https:\\\/\\\/wexfordpembrokeshirepilgrimway.org\\\/ga\\\/#website\"},\"primaryImageOfPage\":{\"@id\":\"https:\\\/\\\/wexfordpembrokeshirepilgrimway.org\\\/ga\\\/la-fheile-daithi-a-cheiliuradh\\\/#primaryimage\"},\"image\":{\"@id\":\"https:\\\/\\\/wexfordpembrokeshirepilgrimway.org\\\/ga\\\/la-fheile-daithi-a-cheiliuradh\\\/#primaryimage\"},\"thumbnailUrl\":\"https:\\\/\\\/wexfordpembrokeshirepilgrimway.org\\\/wp-content\\\/uploads\\\/2023\\\/03\\\/StDavidsDay-2023.jpg\",\"datePublished\":\"2023-03-02T23:52:29+00:00\",\"dateModified\":\"2026-04-18T13:38:00+00:00\",\"author\":{\"@id\":\"https:\\\/\\\/wexfordpembrokeshirepilgrimway.org\\\/ga\\\/#\\\/schema\\\/person\\\/111978d90d367e1167fb64b94a0941b2\"},\"description\":\"L\u00e1 Fh\u00e9ile D\u00e1ith\u00ed \u00e1 cheili\u00faradh ar an 1 M\u00e1rta 2023 le hoilithreacht le teacht go Tobar Naomh Non in am don bheannacht agus don mh\u00f3rshi\u00fal.\",\"breadcrumb\":{\"@id\":\"https:\\\/\\\/wexfordpembrokeshirepilgrimway.org\\\/ga\\\/la-fheile-daithi-a-cheiliuradh\\\/#breadcrumb\"},\"inLanguage\":\"ga-IE\",\"potentialAction\":[{\"@type\":\"ReadAction\",\"target\":[\"https:\\\/\\\/wexfordpembrokeshirepilgrimway.org\\\/ga\\\/la-fheile-daithi-a-cheiliuradh\\\/\"]}]},{\"@type\":\"ImageObject\",\"inLanguage\":\"ga-IE\",\"@id\":\"https:\\\/\\\/wexfordpembrokeshirepilgrimway.org\\\/ga\\\/la-fheile-daithi-a-cheiliuradh\\\/#primaryimage\",\"url\":\"https:\\\/\\\/wexfordpembrokeshirepilgrimway.org\\\/wp-content\\\/uploads\\\/2023\\\/03\\\/StDavidsDay-2023.jpg\",\"contentUrl\":\"https:\\\/\\\/wexfordpembrokeshirepilgrimway.org\\\/wp-content\\\/uploads\\\/2023\\\/03\\\/StDavidsDay-2023.jpg\",\"width\":1920,\"height\":1280,\"caption\":\"Wexford-Pembrokeshire Pilgrim Way\"},{\"@type\":\"BreadcrumbList\",\"@id\":\"https:\\\/\\\/wexfordpembrokeshirepilgrimway.org\\\/ga\\\/la-fheile-daithi-a-cheiliuradh\\\/#breadcrumb\",\"itemListElement\":[{\"@type\":\"ListItem\",\"position\":1,\"name\":\"Home\",\"item\":\"https:\\\/\\\/wexfordpembrokeshirepilgrimway.org\\\/ga\\\/baile\\\/\"},{\"@type\":\"ListItem\",\"position\":2,\"name\":\"L\u00e1 Fh\u00e9ile D\u00e1ith\u00ed \u00e1 cheili\u00faradh\"}]},{\"@type\":\"WebSite\",\"@id\":\"https:\\\/\\\/wexfordpembrokeshirepilgrimway.org\\\/ga\\\/#website\",\"url\":\"https:\\\/\\\/wexfordpembrokeshirepilgrimway.org\\\/ga\\\/\",\"name\":\"Wexford-Pembrokeshire Pilgrim Way\",\"description\":\"\",\"potentialAction\":[{\"@type\":\"SearchAction\",\"target\":{\"@type\":\"EntryPoint\",\"urlTemplate\":\"https:\\\/\\\/wexfordpembrokeshirepilgrimway.org\\\/ga\\\/?s={search_term_string}\"},\"query-input\":{\"@type\":\"PropertyValueSpecification\",\"valueRequired\":true,\"valueName\":\"search_term_string\"}}],\"inLanguage\":\"ga-IE\"},{\"@type\":\"Person\",\"@id\":\"https:\\\/\\\/wexfordpembrokeshirepilgrimway.org\\\/ga\\\/#\\\/schema\\\/person\\\/111978d90d367e1167fb64b94a0941b2\",\"name\":\"CA-74uQzBJ1-bees\",\"image\":{\"@type\":\"ImageObject\",\"inLanguage\":\"ga-IE\",\"@id\":\"https:\\\/\\\/secure.gravatar.com\\\/avatar\\\/6f859aa7989641e7f57b905f7070f796883d02e979bb4e058fbcade3f6dcf79b?s=96&d=mm&r=g\",\"url\":\"https:\\\/\\\/secure.gravatar.com\\\/avatar\\\/6f859aa7989641e7f57b905f7070f796883d02e979bb4e058fbcade3f6dcf79b?s=96&d=mm&r=g\",\"contentUrl\":\"https:\\\/\\\/secure.gravatar.com\\\/avatar\\\/6f859aa7989641e7f57b905f7070f796883d02e979bb4e058fbcade3f6dcf79b?s=96&d=mm&r=g\",\"caption\":\"CA-74uQzBJ1-bees\"},\"sameAs\":[\"https:\\\/\\\/bees.cswebmedia.co.uk\"],\"url\":\"https:\\\/\\\/wexfordpembrokeshirepilgrimway.org\\\/ga\\\/author\\\/ca-74uqzbj1-bees\\\/\"}]}<\/script>\n<!-- \/ Yoast SEO plugin. -->","yoast_head_json":{"title":"L\u00e1 Fh\u00e9ile D\u00e1ith\u00ed \u00e1 cheili\u00faradh - Wexford-Pembrokeshire Pilgrim Way","description":"L\u00e1 Fh\u00e9ile D\u00e1ith\u00ed \u00e1 cheili\u00faradh ar an 1 M\u00e1rta 2023 le hoilithreacht le teacht go Tobar Naomh Non in am don bheannacht agus don mh\u00f3rshi\u00fal.","robots":{"index":"index","follow":"follow","max-snippet":"max-snippet:-1","max-image-preview":"max-image-preview:large","max-video-preview":"max-video-preview:-1"},"canonical":"https:\/\/wexfordpembrokeshirepilgrimway.org\/ga\/la-fheile-daithi-a-cheiliuradh\/","og_locale":"ga_IE","og_type":"article","og_title":"L\u00e1 Fh\u00e9ile D\u00e1ith\u00ed \u00e1 cheili\u00faradh - Wexford-Pembrokeshire Pilgrim Way","og_description":"L\u00e1 Fh\u00e9ile D\u00e1ith\u00ed \u00e1 cheili\u00faradh ar an 1 M\u00e1rta 2023 le hoilithreacht le teacht go Tobar Naomh Non in am don bheannacht agus don mh\u00f3rshi\u00fal.","og_url":"https:\/\/wexfordpembrokeshirepilgrimway.org\/ga\/la-fheile-daithi-a-cheiliuradh\/","og_site_name":"Wexford-Pembrokeshire Pilgrim Way","article_published_time":"2023-03-02T23:52:29+00:00","article_modified_time":"2026-04-18T13:38:00+00:00","og_image":[{"width":1920,"height":1280,"url":"https:\/\/wexfordpembrokeshirepilgrimway.org\/wp-content\/uploads\/2023\/03\/StDavidsDay-2023.jpg","type":"image\/jpeg"}],"author":"CA-74uQzBJ1-bees","twitter_card":"summary_large_image","twitter_misc":{"Written by":"CA-74uQzBJ1-bees","Est. reading time":"3 minutes"},"schema":{"@context":"https:\/\/schema.org","@graph":[{"@type":"Article","@id":"https:\/\/wexfordpembrokeshirepilgrimway.org\/ga\/la-fheile-daithi-a-cheiliuradh\/#article","isPartOf":{"@id":"https:\/\/wexfordpembrokeshirepilgrimway.org\/ga\/la-fheile-daithi-a-cheiliuradh\/"},"author":{"name":"CA-74uQzBJ1-bees","@id":"https:\/\/wexfordpembrokeshirepilgrimway.org\/ga\/#\/schema\/person\/111978d90d367e1167fb64b94a0941b2"},"headline":"L\u00e1 Fh\u00e9ile D\u00e1ith\u00ed \u00e1 cheili\u00faradh","datePublished":"2023-03-02T23:52:29+00:00","dateModified":"2026-04-18T13:38:00+00:00","mainEntityOfPage":{"@id":"https:\/\/wexfordpembrokeshirepilgrimway.org\/ga\/la-fheile-daithi-a-cheiliuradh\/"},"wordCount":610,"image":{"@id":"https:\/\/wexfordpembrokeshirepilgrimway.org\/ga\/la-fheile-daithi-a-cheiliuradh\/#primaryimage"},"thumbnailUrl":"https:\/\/wexfordpembrokeshirepilgrimway.org\/wp-content\/uploads\/2023\/03\/StDavidsDay-2023.jpg","articleSection":["An Bhreatain Bheag"],"inLanguage":"ga-IE"},{"@type":"WebPage","@id":"https:\/\/wexfordpembrokeshirepilgrimway.org\/ga\/la-fheile-daithi-a-cheiliuradh\/","url":"https:\/\/wexfordpembrokeshirepilgrimway.org\/ga\/la-fheile-daithi-a-cheiliuradh\/","name":"L\u00e1 Fh\u00e9ile D\u00e1ith\u00ed \u00e1 cheili\u00faradh - Wexford-Pembrokeshire Pilgrim Way","isPartOf":{"@id":"https:\/\/wexfordpembrokeshirepilgrimway.org\/ga\/#website"},"primaryImageOfPage":{"@id":"https:\/\/wexfordpembrokeshirepilgrimway.org\/ga\/la-fheile-daithi-a-cheiliuradh\/#primaryimage"},"image":{"@id":"https:\/\/wexfordpembrokeshirepilgrimway.org\/ga\/la-fheile-daithi-a-cheiliuradh\/#primaryimage"},"thumbnailUrl":"https:\/\/wexfordpembrokeshirepilgrimway.org\/wp-content\/uploads\/2023\/03\/StDavidsDay-2023.jpg","datePublished":"2023-03-02T23:52:29+00:00","dateModified":"2026-04-18T13:38:00+00:00","author":{"@id":"https:\/\/wexfordpembrokeshirepilgrimway.org\/ga\/#\/schema\/person\/111978d90d367e1167fb64b94a0941b2"},"description":"L\u00e1 Fh\u00e9ile D\u00e1ith\u00ed \u00e1 cheili\u00faradh ar an 1 M\u00e1rta 2023 le hoilithreacht le teacht go Tobar Naomh Non in am don bheannacht agus don mh\u00f3rshi\u00fal.","breadcrumb":{"@id":"https:\/\/wexfordpembrokeshirepilgrimway.org\/ga\/la-fheile-daithi-a-cheiliuradh\/#breadcrumb"},"inLanguage":"ga-IE","potentialAction":[{"@type":"ReadAction","target":["https:\/\/wexfordpembrokeshirepilgrimway.org\/ga\/la-fheile-daithi-a-cheiliuradh\/"]}]},{"@type":"ImageObject","inLanguage":"ga-IE","@id":"https:\/\/wexfordpembrokeshirepilgrimway.org\/ga\/la-fheile-daithi-a-cheiliuradh\/#primaryimage","url":"https:\/\/wexfordpembrokeshirepilgrimway.org\/wp-content\/uploads\/2023\/03\/StDavidsDay-2023.jpg","contentUrl":"https:\/\/wexfordpembrokeshirepilgrimway.org\/wp-content\/uploads\/2023\/03\/StDavidsDay-2023.jpg","width":1920,"height":1280,"caption":"Wexford-Pembrokeshire Pilgrim Way"},{"@type":"BreadcrumbList","@id":"https:\/\/wexfordpembrokeshirepilgrimway.org\/ga\/la-fheile-daithi-a-cheiliuradh\/#breadcrumb","itemListElement":[{"@type":"ListItem","position":1,"name":"Home","item":"https:\/\/wexfordpembrokeshirepilgrimway.org\/ga\/baile\/"},{"@type":"ListItem","position":2,"name":"L\u00e1 Fh\u00e9ile D\u00e1ith\u00ed \u00e1 cheili\u00faradh"}]},{"@type":"WebSite","@id":"https:\/\/wexfordpembrokeshirepilgrimway.org\/ga\/#website","url":"https:\/\/wexfordpembrokeshirepilgrimway.org\/ga\/","name":"Wexford-Pembrokeshire Pilgrim Way","description":"","potentialAction":[{"@type":"SearchAction","target":{"@type":"EntryPoint","urlTemplate":"https:\/\/wexfordpembrokeshirepilgrimway.org\/ga\/?s={search_term_string}"},"query-input":{"@type":"PropertyValueSpecification","valueRequired":true,"valueName":"search_term_string"}}],"inLanguage":"ga-IE"},{"@type":"Person","@id":"https:\/\/wexfordpembrokeshirepilgrimway.org\/ga\/#\/schema\/person\/111978d90d367e1167fb64b94a0941b2","name":"CA-74uQzBJ1-bees","image":{"@type":"ImageObject","inLanguage":"ga-IE","@id":"https:\/\/secure.gravatar.com\/avatar\/6f859aa7989641e7f57b905f7070f796883d02e979bb4e058fbcade3f6dcf79b?s=96&d=mm&r=g","url":"https:\/\/secure.gravatar.com\/avatar\/6f859aa7989641e7f57b905f7070f796883d02e979bb4e058fbcade3f6dcf79b?s=96&d=mm&r=g","contentUrl":"https:\/\/secure.gravatar.com\/avatar\/6f859aa7989641e7f57b905f7070f796883d02e979bb4e058fbcade3f6dcf79b?s=96&d=mm&r=g","caption":"CA-74uQzBJ1-bees"},"sameAs":["https:\/\/bees.cswebmedia.co.uk"],"url":"https:\/\/wexfordpembrokeshirepilgrimway.org\/ga\/author\/ca-74uqzbj1-bees\/"}]}},"featured_image_src":"https:\/\/wexfordpembrokeshirepilgrimway.org\/wp-content\/uploads\/2023\/03\/StDavidsDay-2023.jpg","featured_image_src_square":"https:\/\/wexfordpembrokeshirepilgrimway.org\/wp-content\/uploads\/2023\/03\/StDavidsDay-2023.jpg","author_info":{"display_name":"CA-74uQzBJ1-bees","author_link":"https:\/\/wexfordpembrokeshirepilgrimway.org\/ga\/author\/ca-74uqzbj1-bees\/"},"_links":{"self":[{"href":"https:\/\/wexfordpembrokeshirepilgrimway.org\/ga\/wp-json\/wp\/v2\/posts\/7469","targetHints":{"allow":["GET"]}}],"collection":[{"href":"https:\/\/wexfordpembrokeshirepilgrimway.org\/ga\/wp-json\/wp\/v2\/posts"}],"about":[{"href":"https:\/\/wexfordpembrokeshirepilgrimway.org\/ga\/wp-json\/wp\/v2\/types\/post"}],"author":[{"embeddable":true,"href":"https:\/\/wexfordpembrokeshirepilgrimway.org\/ga\/wp-json\/wp\/v2\/users\/1"}],"replies":[{"embeddable":true,"href":"https:\/\/wexfordpembrokeshirepilgrimway.org\/ga\/wp-json\/wp\/v2\/comments?post=7469"}],"version-history":[{"count":0,"href":"https:\/\/wexfordpembrokeshirepilgrimway.org\/ga\/wp-json\/wp\/v2\/posts\/7469\/revisions"}],"wp:featuredmedia":[{"embeddable":true,"href":"https:\/\/wexfordpembrokeshirepilgrimway.org\/ga\/wp-json\/wp\/v2\/media\/7461"}],"wp:attachment":[{"href":"https:\/\/wexfordpembrokeshirepilgrimway.org\/ga\/wp-json\/wp\/v2\/media?parent=7469"}],"wp:term":[{"taxonomy":"category","embeddable":true,"href":"https:\/\/wexfordpembrokeshirepilgrimway.org\/ga\/wp-json\/wp\/v2\/categories?post=7469"},{"taxonomy":"post_tag","embeddable":true,"href":"https:\/\/wexfordpembrokeshirepilgrimway.org\/ga\/wp-json\/wp\/v2\/tags?post=7469"}],"curies":[{"name":"wp","href":"https:\/\/api.w.org\/{rel}","templated":true}]}}