{"id":7692,"date":"2023-07-19T12:15:31","date_gmt":"2023-07-19T12:15:31","guid":{"rendered":"https:\/\/wexfordpembrokeshirepilgrimway.org\/cuirtear-tus-le-marcail-bealaigh\/"},"modified":"2026-04-18T13:38:34","modified_gmt":"2026-04-18T13:38:34","slug":"cuirtear-tus-le-marcail-bealaigh","status":"publish","type":"post","link":"https:\/\/wexfordpembrokeshirepilgrimway.org\/ga\/cuirtear-tus-le-marcail-bealaigh\/","title":{"rendered":"Cuirtear t\u00fas le marc\u00e1il bealaigh"},"content":{"rendered":"<p>[et_pb_section fb_built=&#8221;1&#8243; _builder_version=&#8221;4.18.0&#8243; _module_preset=&#8221;default&#8221; custom_padding=&#8221;0px||0px||false|false&#8221; global_colors_info=&#8221;{}&#8221; theme_builder_area=&#8221;post_content&#8221;][et_pb_row _builder_version=&#8221;4.18.0&#8243; _module_preset=&#8221;default&#8221; global_colors_info=&#8221;{}&#8221; theme_builder_area=&#8221;post_content&#8221;][et_pb_column type=&#8221;4_4&#8243; _builder_version=&#8221;4.18.0&#8243; _module_preset=&#8221;default&#8221; global_colors_info=&#8221;{}&#8221; theme_builder_area=&#8221;post_content&#8221;][et_pb_text _builder_version=&#8221;4.21.0&#8243; _module_preset=&#8221;default&#8221; min_height=&#8221;219px&#8221; hover_enabled=&#8221;0&#8243; global_colors_info=&#8221;{}&#8221; theme_builder_area=&#8221;post_content&#8221; sticky_enabled=&#8221;0&#8243;]<\/p>\n<h2><strong>B\u00ed ag faire amach do na cruinneoga nua feadh an bhealaigh<\/strong><\/h2>\n<p><span style=\"font-weight: 400;\">T\u00e1 l\u00fach\u00e1ir orainn a fh\u00f3gairt go bhfuil muid anois ag d\u00e9anamh marc\u00e1la ar Shl\u00ed Oilithrigh Loch Garman-Pembrokeshire ar thaobh na Breataine Bige. T\u00e1 an chuid is m\u00f3 den bhealach sa Bhreatain Bheag feadh Chonair ch\u00f3sta mh\u00f3rthaibhseach Sir Benfro agus bainfidh siad \u00fas\u00e1id as a l\u00f3g\u00f3 dearc\u00e1n aithnidi\u00fail do Chos\u00e1n N\u00e1isi\u00fanta.  <\/span><span style=\"font-weight: 400;\"><\/span><\/p>\n<p>Mar sin f\u00e9in, in \u00e1iteanna ina n-aistr\u00edonn WPPW \u00f3 Chos\u00e1n an Ch\u00f3sta agus ag na h\u00e1iteanna tosaigh agus cr\u00edochnaithe, feicfidh t\u00fa \u00e1r mbabhta\u00ed nua chun an bealach a thaispe\u00e1int duit. T\u00e1 s\u00fail agam go gcabhr\u00f3idh s\u00e9 seo le go leor oilithrigh caillte a sheachaint! T\u00e1imid ag tn\u00fath le t\u00fa a fheice\u00e1il ar an mb\u00f3thar.  <\/p>\n<p><a href=\"https:\/\/wexfordpembrokeshirepilgrimway.org\/ga\/teagmhail\/\">D\u00e9an teagmh\u00e1il le<\/a> haon tuairim\u00ed.<\/p>\n<p>[\/et_pb_text][\/et_pb_column][\/et_pb_row][et_pb_row column_structure=&#8221;1_3,1_3,1_3&#8243; _builder_version=&#8221;4.18.0&#8243; _module_preset=&#8221;default&#8221; global_colors_info=&#8221;{}&#8221; theme_builder_area=&#8221;post_content&#8221;][et_pb_column type=&#8221;1_3&#8243; _builder_version=&#8221;4.18.0&#8243; _module_preset=&#8221;default&#8221; global_colors_info=&#8221;{}&#8221; theme_builder_area=&#8221;post_content&#8221;][et_pb_image src=&#8221;https:\/\/wexfordpembrokeshirepilgrimway.org\/wp-content\/uploads\/2023\/07\/waymarking1.jpg&#8221; alt=&#8221;Roundel ag St Davids&#8221; title_text=&#8221;Roundel ag St Davids&#8221; _builder_version=&#8221;4.21.0&#8243; _module_preset=&#8221;default&#8221; hover_enabled=&#8221;0&#8243; global_colors_info=&#8221;{}&#8221; theme_builder_area=&#8221;post_content&#8221; sticky_enabled=&#8221;0&#8243;][\/et_pb_image][\/et_pb_column][et_pb_column type=&#8221;1_3&#8243; _builder_version=&#8221;4.18.0&#8243; _module_preset=&#8221;default&#8221; global_colors_info=&#8221;{}&#8221; theme_builder_area=&#8221;post_content&#8221;][et_pb_image src=&#8221;https:\/\/wexfordpembrokeshirepilgrimway.org\/wp-content\/uploads\/2023\/07\/waymarking2.jpg&#8221; alt=&#8221;Roundel ar an bpost&#8221; title_text=&#8221;Roundel ar an bpost&#8221; _builder_version=&#8221;4.21.0&#8243; _module_preset=&#8221;default&#8221; hover_enabled=&#8221;0&#8243; global_colors_info=&#8221;{}&#8221; theme_builder_area=&#8221;post_content&#8221; sticky_enabled=&#8221;0&#8243;][\/et_pb_image][\/et_pb_column][et_pb_column type=&#8221;1_3&#8243; _builder_version=&#8221;4.18.0&#8243; _module_preset=&#8221;default&#8221; global_colors_info=&#8221;{}&#8221; theme_builder_area=&#8221;post_content&#8221;][et_pb_image src=&#8221;https:\/\/wexfordpembrokeshirepilgrimway.org\/wp-content\/uploads\/2023\/07\/waymarking3.jpg&#8221; _builder_version=&#8221;4.21.0&#8243; _module_preset=&#8221;default&#8221; theme_builder_area=&#8221;post_content&#8221; alt=&#8221;Roundel agus cas\u00far&#8221; title_text=&#8221;Roundel agus cas\u00far&#8221; hover_enabled=&#8221;0&#8243; sticky_enabled=&#8221;0&#8243;][\/et_pb_image][\/et_pb_column][\/et_pb_row][\/et_pb_section]<\/p>\n<span class=\"et_bloom_bottom_trigger\"><\/span>","protected":false},"excerpt":{"rendered":"<p>T\u00e1 t\u00fas curtha le marc\u00e1il sl\u00ed ar thaobh na Breataine Bige den WPPW agus beidh taobh na h\u00c9ireann le lean\u00faint nuair a bheidh faomhadh Sp\u00f3irt \u00c9ireann faighte.  <\/p>\n","protected":false},"author":1,"featured_media":7690,"comment_status":"closed","ping_status":"closed","sticky":false,"template":"","format":"standard","meta":{"_et_pb_use_builder":"on","_et_pb_old_content":"","_et_gb_content_width":"","_monsterinsights_skip_tracking":false,"_monsterinsights_sitenote_active":false,"_monsterinsights_sitenote_note":"","_monsterinsights_sitenote_category":0,"footnotes":""},"categories":[37],"tags":[],"class_list":["post-7692","post","type-post","status-publish","format-standard","has-post-thumbnail","hentry","category-an-bhreatain-bheag"],"yoast_head":"<!-- This site is optimized with the Yoast SEO plugin v27.5 - https:\/\/yoast.com\/product\/yoast-seo-wordpress\/ -->\n<title>Cuirtear t\u00fas le marc\u00e1il bealaigh - Wexford-Pembrokeshire Pilgrim Way<\/title>\n<meta name=\"description\" content=\"Ar b\u00eds a r\u00e1 leat gur thosaigh an mharc\u00e1il sl\u00ed ar thaobh na Breataine Bige den WPPW agus taobh na h\u00c9ireann le lean\u00faint nuair a bheidh faomhadh Sp\u00f3irt \u00c9ireann faighte.\" \/>\n<meta name=\"robots\" content=\"index, follow, max-snippet:-1, max-image-preview:large, max-video-preview:-1\" \/>\n<link rel=\"canonical\" href=\"https:\/\/wexfordpembrokeshirepilgrimway.org\/ga\/cuirtear-tus-le-marcail-bealaigh\/\" \/>\n<meta property=\"og:locale\" content=\"ga_IE\" \/>\n<meta property=\"og:type\" content=\"article\" \/>\n<meta property=\"og:title\" content=\"Cuirtear t\u00fas le marc\u00e1il bealaigh - Wexford-Pembrokeshire Pilgrim Way\" \/>\n<meta property=\"og:description\" content=\"Ar b\u00eds a r\u00e1 leat gur thosaigh an mharc\u00e1il sl\u00ed ar thaobh na Breataine Bige den WPPW agus taobh na h\u00c9ireann le lean\u00faint nuair a bheidh faomhadh Sp\u00f3irt \u00c9ireann faighte.\" \/>\n<meta property=\"og:url\" content=\"https:\/\/wexfordpembrokeshirepilgrimway.org\/ga\/cuirtear-tus-le-marcail-bealaigh\/\" \/>\n<meta property=\"og:site_name\" content=\"Wexford-Pembrokeshire Pilgrim Way\" \/>\n<meta property=\"article:published_time\" content=\"2023-07-19T12:15:31+00:00\" \/>\n<meta property=\"article:modified_time\" content=\"2026-04-18T13:38:34+00:00\" \/>\n<meta property=\"og:image\" content=\"https:\/\/wexfordpembrokeshirepilgrimway.org\/wp-content\/uploads\/2023\/07\/waymarking-1080x608-1.jpg\" \/>\n\t<meta property=\"og:image:width\" content=\"1080\" \/>\n\t<meta property=\"og:image:height\" content=\"608\" \/>\n\t<meta property=\"og:image:type\" content=\"image\/jpeg\" \/>\n<meta name=\"author\" content=\"CA-74uQzBJ1-bees\" \/>\n<meta name=\"twitter:card\" content=\"summary_large_image\" \/>\n<meta name=\"twitter:label1\" content=\"Written by\" \/>\n\t<meta name=\"twitter:data1\" content=\"CA-74uQzBJ1-bees\" \/>\n\t<meta name=\"twitter:label2\" content=\"Est. reading time\" \/>\n\t<meta name=\"twitter:data2\" content=\"2 minutes\" \/>\n<script type=\"application\/ld+json\" class=\"yoast-schema-graph\">{\"@context\":\"https:\\\/\\\/schema.org\",\"@graph\":[{\"@type\":\"Article\",\"@id\":\"https:\\\/\\\/wexfordpembrokeshirepilgrimway.org\\\/ga\\\/cuirtear-tus-le-marcail-bealaigh\\\/#article\",\"isPartOf\":{\"@id\":\"https:\\\/\\\/wexfordpembrokeshirepilgrimway.org\\\/ga\\\/cuirtear-tus-le-marcail-bealaigh\\\/\"},\"author\":{\"name\":\"CA-74uQzBJ1-bees\",\"@id\":\"https:\\\/\\\/wexfordpembrokeshirepilgrimway.org\\\/ga\\\/#\\\/schema\\\/person\\\/111978d90d367e1167fb64b94a0941b2\"},\"headline\":\"Cuirtear t\u00fas le marc\u00e1il bealaigh\",\"datePublished\":\"2023-07-19T12:15:31+00:00\",\"dateModified\":\"2026-04-18T13:38:34+00:00\",\"mainEntityOfPage\":{\"@id\":\"https:\\\/\\\/wexfordpembrokeshirepilgrimway.org\\\/ga\\\/cuirtear-tus-le-marcail-bealaigh\\\/\"},\"wordCount\":451,\"image\":{\"@id\":\"https:\\\/\\\/wexfordpembrokeshirepilgrimway.org\\\/ga\\\/cuirtear-tus-le-marcail-bealaigh\\\/#primaryimage\"},\"thumbnailUrl\":\"https:\\\/\\\/wexfordpembrokeshirepilgrimway.org\\\/wp-content\\\/uploads\\\/2023\\\/07\\\/waymarking-1080x608-1.jpg\",\"articleSection\":[\"An Bhreatain Bheag\"],\"inLanguage\":\"ga-IE\"},{\"@type\":\"WebPage\",\"@id\":\"https:\\\/\\\/wexfordpembrokeshirepilgrimway.org\\\/ga\\\/cuirtear-tus-le-marcail-bealaigh\\\/\",\"url\":\"https:\\\/\\\/wexfordpembrokeshirepilgrimway.org\\\/ga\\\/cuirtear-tus-le-marcail-bealaigh\\\/\",\"name\":\"Cuirtear t\u00fas le marc\u00e1il bealaigh - Wexford-Pembrokeshire Pilgrim Way\",\"isPartOf\":{\"@id\":\"https:\\\/\\\/wexfordpembrokeshirepilgrimway.org\\\/ga\\\/#website\"},\"primaryImageOfPage\":{\"@id\":\"https:\\\/\\\/wexfordpembrokeshirepilgrimway.org\\\/ga\\\/cuirtear-tus-le-marcail-bealaigh\\\/#primaryimage\"},\"image\":{\"@id\":\"https:\\\/\\\/wexfordpembrokeshirepilgrimway.org\\\/ga\\\/cuirtear-tus-le-marcail-bealaigh\\\/#primaryimage\"},\"thumbnailUrl\":\"https:\\\/\\\/wexfordpembrokeshirepilgrimway.org\\\/wp-content\\\/uploads\\\/2023\\\/07\\\/waymarking-1080x608-1.jpg\",\"datePublished\":\"2023-07-19T12:15:31+00:00\",\"dateModified\":\"2026-04-18T13:38:34+00:00\",\"author\":{\"@id\":\"https:\\\/\\\/wexfordpembrokeshirepilgrimway.org\\\/ga\\\/#\\\/schema\\\/person\\\/111978d90d367e1167fb64b94a0941b2\"},\"description\":\"Ar b\u00eds a r\u00e1 leat gur thosaigh an mharc\u00e1il sl\u00ed ar thaobh na Breataine Bige den WPPW agus taobh na h\u00c9ireann le lean\u00faint nuair a bheidh faomhadh Sp\u00f3irt \u00c9ireann faighte.\",\"breadcrumb\":{\"@id\":\"https:\\\/\\\/wexfordpembrokeshirepilgrimway.org\\\/ga\\\/cuirtear-tus-le-marcail-bealaigh\\\/#breadcrumb\"},\"inLanguage\":\"ga-IE\",\"potentialAction\":[{\"@type\":\"ReadAction\",\"target\":[\"https:\\\/\\\/wexfordpembrokeshirepilgrimway.org\\\/ga\\\/cuirtear-tus-le-marcail-bealaigh\\\/\"]}]},{\"@type\":\"ImageObject\",\"inLanguage\":\"ga-IE\",\"@id\":\"https:\\\/\\\/wexfordpembrokeshirepilgrimway.org\\\/ga\\\/cuirtear-tus-le-marcail-bealaigh\\\/#primaryimage\",\"url\":\"https:\\\/\\\/wexfordpembrokeshirepilgrimway.org\\\/wp-content\\\/uploads\\\/2023\\\/07\\\/waymarking-1080x608-1.jpg\",\"contentUrl\":\"https:\\\/\\\/wexfordpembrokeshirepilgrimway.org\\\/wp-content\\\/uploads\\\/2023\\\/07\\\/waymarking-1080x608-1.jpg\",\"width\":1080,\"height\":608,\"caption\":\"Roundel on coast path\"},{\"@type\":\"BreadcrumbList\",\"@id\":\"https:\\\/\\\/wexfordpembrokeshirepilgrimway.org\\\/ga\\\/cuirtear-tus-le-marcail-bealaigh\\\/#breadcrumb\",\"itemListElement\":[{\"@type\":\"ListItem\",\"position\":1,\"name\":\"Home\",\"item\":\"https:\\\/\\\/wexfordpembrokeshirepilgrimway.org\\\/ga\\\/baile\\\/\"},{\"@type\":\"ListItem\",\"position\":2,\"name\":\"Cuirtear t\u00fas le marc\u00e1il bealaigh\"}]},{\"@type\":\"WebSite\",\"@id\":\"https:\\\/\\\/wexfordpembrokeshirepilgrimway.org\\\/ga\\\/#website\",\"url\":\"https:\\\/\\\/wexfordpembrokeshirepilgrimway.org\\\/ga\\\/\",\"name\":\"Wexford-Pembrokeshire Pilgrim Way\",\"description\":\"\",\"potentialAction\":[{\"@type\":\"SearchAction\",\"target\":{\"@type\":\"EntryPoint\",\"urlTemplate\":\"https:\\\/\\\/wexfordpembrokeshirepilgrimway.org\\\/ga\\\/?s={search_term_string}\"},\"query-input\":{\"@type\":\"PropertyValueSpecification\",\"valueRequired\":true,\"valueName\":\"search_term_string\"}}],\"inLanguage\":\"ga-IE\"},{\"@type\":\"Person\",\"@id\":\"https:\\\/\\\/wexfordpembrokeshirepilgrimway.org\\\/ga\\\/#\\\/schema\\\/person\\\/111978d90d367e1167fb64b94a0941b2\",\"name\":\"CA-74uQzBJ1-bees\",\"image\":{\"@type\":\"ImageObject\",\"inLanguage\":\"ga-IE\",\"@id\":\"https:\\\/\\\/secure.gravatar.com\\\/avatar\\\/6f859aa7989641e7f57b905f7070f796883d02e979bb4e058fbcade3f6dcf79b?s=96&d=mm&r=g\",\"url\":\"https:\\\/\\\/secure.gravatar.com\\\/avatar\\\/6f859aa7989641e7f57b905f7070f796883d02e979bb4e058fbcade3f6dcf79b?s=96&d=mm&r=g\",\"contentUrl\":\"https:\\\/\\\/secure.gravatar.com\\\/avatar\\\/6f859aa7989641e7f57b905f7070f796883d02e979bb4e058fbcade3f6dcf79b?s=96&d=mm&r=g\",\"caption\":\"CA-74uQzBJ1-bees\"},\"sameAs\":[\"https:\\\/\\\/bees.cswebmedia.co.uk\"],\"url\":\"https:\\\/\\\/wexfordpembrokeshirepilgrimway.org\\\/ga\\\/author\\\/ca-74uqzbj1-bees\\\/\"}]}<\/script>\n<!-- \/ Yoast SEO plugin. -->","yoast_head_json":{"title":"Cuirtear t\u00fas le marc\u00e1il bealaigh - Wexford-Pembrokeshire Pilgrim Way","description":"Ar b\u00eds a r\u00e1 leat gur thosaigh an mharc\u00e1il sl\u00ed ar thaobh na Breataine Bige den WPPW agus taobh na h\u00c9ireann le lean\u00faint nuair a bheidh faomhadh Sp\u00f3irt \u00c9ireann faighte.","robots":{"index":"index","follow":"follow","max-snippet":"max-snippet:-1","max-image-preview":"max-image-preview:large","max-video-preview":"max-video-preview:-1"},"canonical":"https:\/\/wexfordpembrokeshirepilgrimway.org\/ga\/cuirtear-tus-le-marcail-bealaigh\/","og_locale":"ga_IE","og_type":"article","og_title":"Cuirtear t\u00fas le marc\u00e1il bealaigh - Wexford-Pembrokeshire Pilgrim Way","og_description":"Ar b\u00eds a r\u00e1 leat gur thosaigh an mharc\u00e1il sl\u00ed ar thaobh na Breataine Bige den WPPW agus taobh na h\u00c9ireann le lean\u00faint nuair a bheidh faomhadh Sp\u00f3irt \u00c9ireann faighte.","og_url":"https:\/\/wexfordpembrokeshirepilgrimway.org\/ga\/cuirtear-tus-le-marcail-bealaigh\/","og_site_name":"Wexford-Pembrokeshire Pilgrim Way","article_published_time":"2023-07-19T12:15:31+00:00","article_modified_time":"2026-04-18T13:38:34+00:00","og_image":[{"width":1080,"height":608,"url":"https:\/\/wexfordpembrokeshirepilgrimway.org\/wp-content\/uploads\/2023\/07\/waymarking-1080x608-1.jpg","type":"image\/jpeg"}],"author":"CA-74uQzBJ1-bees","twitter_card":"summary_large_image","twitter_misc":{"Written by":"CA-74uQzBJ1-bees","Est. reading time":"2 minutes"},"schema":{"@context":"https:\/\/schema.org","@graph":[{"@type":"Article","@id":"https:\/\/wexfordpembrokeshirepilgrimway.org\/ga\/cuirtear-tus-le-marcail-bealaigh\/#article","isPartOf":{"@id":"https:\/\/wexfordpembrokeshirepilgrimway.org\/ga\/cuirtear-tus-le-marcail-bealaigh\/"},"author":{"name":"CA-74uQzBJ1-bees","@id":"https:\/\/wexfordpembrokeshirepilgrimway.org\/ga\/#\/schema\/person\/111978d90d367e1167fb64b94a0941b2"},"headline":"Cuirtear t\u00fas le marc\u00e1il bealaigh","datePublished":"2023-07-19T12:15:31+00:00","dateModified":"2026-04-18T13:38:34+00:00","mainEntityOfPage":{"@id":"https:\/\/wexfordpembrokeshirepilgrimway.org\/ga\/cuirtear-tus-le-marcail-bealaigh\/"},"wordCount":451,"image":{"@id":"https:\/\/wexfordpembrokeshirepilgrimway.org\/ga\/cuirtear-tus-le-marcail-bealaigh\/#primaryimage"},"thumbnailUrl":"https:\/\/wexfordpembrokeshirepilgrimway.org\/wp-content\/uploads\/2023\/07\/waymarking-1080x608-1.jpg","articleSection":["An Bhreatain Bheag"],"inLanguage":"ga-IE"},{"@type":"WebPage","@id":"https:\/\/wexfordpembrokeshirepilgrimway.org\/ga\/cuirtear-tus-le-marcail-bealaigh\/","url":"https:\/\/wexfordpembrokeshirepilgrimway.org\/ga\/cuirtear-tus-le-marcail-bealaigh\/","name":"Cuirtear t\u00fas le marc\u00e1il bealaigh - Wexford-Pembrokeshire Pilgrim Way","isPartOf":{"@id":"https:\/\/wexfordpembrokeshirepilgrimway.org\/ga\/#website"},"primaryImageOfPage":{"@id":"https:\/\/wexfordpembrokeshirepilgrimway.org\/ga\/cuirtear-tus-le-marcail-bealaigh\/#primaryimage"},"image":{"@id":"https:\/\/wexfordpembrokeshirepilgrimway.org\/ga\/cuirtear-tus-le-marcail-bealaigh\/#primaryimage"},"thumbnailUrl":"https:\/\/wexfordpembrokeshirepilgrimway.org\/wp-content\/uploads\/2023\/07\/waymarking-1080x608-1.jpg","datePublished":"2023-07-19T12:15:31+00:00","dateModified":"2026-04-18T13:38:34+00:00","author":{"@id":"https:\/\/wexfordpembrokeshirepilgrimway.org\/ga\/#\/schema\/person\/111978d90d367e1167fb64b94a0941b2"},"description":"Ar b\u00eds a r\u00e1 leat gur thosaigh an mharc\u00e1il sl\u00ed ar thaobh na Breataine Bige den WPPW agus taobh na h\u00c9ireann le lean\u00faint nuair a bheidh faomhadh Sp\u00f3irt \u00c9ireann faighte.","breadcrumb":{"@id":"https:\/\/wexfordpembrokeshirepilgrimway.org\/ga\/cuirtear-tus-le-marcail-bealaigh\/#breadcrumb"},"inLanguage":"ga-IE","potentialAction":[{"@type":"ReadAction","target":["https:\/\/wexfordpembrokeshirepilgrimway.org\/ga\/cuirtear-tus-le-marcail-bealaigh\/"]}]},{"@type":"ImageObject","inLanguage":"ga-IE","@id":"https:\/\/wexfordpembrokeshirepilgrimway.org\/ga\/cuirtear-tus-le-marcail-bealaigh\/#primaryimage","url":"https:\/\/wexfordpembrokeshirepilgrimway.org\/wp-content\/uploads\/2023\/07\/waymarking-1080x608-1.jpg","contentUrl":"https:\/\/wexfordpembrokeshirepilgrimway.org\/wp-content\/uploads\/2023\/07\/waymarking-1080x608-1.jpg","width":1080,"height":608,"caption":"Roundel on coast path"},{"@type":"BreadcrumbList","@id":"https:\/\/wexfordpembrokeshirepilgrimway.org\/ga\/cuirtear-tus-le-marcail-bealaigh\/#breadcrumb","itemListElement":[{"@type":"ListItem","position":1,"name":"Home","item":"https:\/\/wexfordpembrokeshirepilgrimway.org\/ga\/baile\/"},{"@type":"ListItem","position":2,"name":"Cuirtear t\u00fas le marc\u00e1il bealaigh"}]},{"@type":"WebSite","@id":"https:\/\/wexfordpembrokeshirepilgrimway.org\/ga\/#website","url":"https:\/\/wexfordpembrokeshirepilgrimway.org\/ga\/","name":"Wexford-Pembrokeshire Pilgrim Way","description":"","potentialAction":[{"@type":"SearchAction","target":{"@type":"EntryPoint","urlTemplate":"https:\/\/wexfordpembrokeshirepilgrimway.org\/ga\/?s={search_term_string}"},"query-input":{"@type":"PropertyValueSpecification","valueRequired":true,"valueName":"search_term_string"}}],"inLanguage":"ga-IE"},{"@type":"Person","@id":"https:\/\/wexfordpembrokeshirepilgrimway.org\/ga\/#\/schema\/person\/111978d90d367e1167fb64b94a0941b2","name":"CA-74uQzBJ1-bees","image":{"@type":"ImageObject","inLanguage":"ga-IE","@id":"https:\/\/secure.gravatar.com\/avatar\/6f859aa7989641e7f57b905f7070f796883d02e979bb4e058fbcade3f6dcf79b?s=96&d=mm&r=g","url":"https:\/\/secure.gravatar.com\/avatar\/6f859aa7989641e7f57b905f7070f796883d02e979bb4e058fbcade3f6dcf79b?s=96&d=mm&r=g","contentUrl":"https:\/\/secure.gravatar.com\/avatar\/6f859aa7989641e7f57b905f7070f796883d02e979bb4e058fbcade3f6dcf79b?s=96&d=mm&r=g","caption":"CA-74uQzBJ1-bees"},"sameAs":["https:\/\/bees.cswebmedia.co.uk"],"url":"https:\/\/wexfordpembrokeshirepilgrimway.org\/ga\/author\/ca-74uqzbj1-bees\/"}]}},"featured_image_src":"https:\/\/wexfordpembrokeshirepilgrimway.org\/wp-content\/uploads\/2023\/07\/waymarking-1080x608-1.jpg","featured_image_src_square":"https:\/\/wexfordpembrokeshirepilgrimway.org\/wp-content\/uploads\/2023\/07\/waymarking-1080x608-1.jpg","author_info":{"display_name":"CA-74uQzBJ1-bees","author_link":"https:\/\/wexfordpembrokeshirepilgrimway.org\/ga\/author\/ca-74uqzbj1-bees\/"},"_links":{"self":[{"href":"https:\/\/wexfordpembrokeshirepilgrimway.org\/ga\/wp-json\/wp\/v2\/posts\/7692","targetHints":{"allow":["GET"]}}],"collection":[{"href":"https:\/\/wexfordpembrokeshirepilgrimway.org\/ga\/wp-json\/wp\/v2\/posts"}],"about":[{"href":"https:\/\/wexfordpembrokeshirepilgrimway.org\/ga\/wp-json\/wp\/v2\/types\/post"}],"author":[{"embeddable":true,"href":"https:\/\/wexfordpembrokeshirepilgrimway.org\/ga\/wp-json\/wp\/v2\/users\/1"}],"replies":[{"embeddable":true,"href":"https:\/\/wexfordpembrokeshirepilgrimway.org\/ga\/wp-json\/wp\/v2\/comments?post=7692"}],"version-history":[{"count":0,"href":"https:\/\/wexfordpembrokeshirepilgrimway.org\/ga\/wp-json\/wp\/v2\/posts\/7692\/revisions"}],"wp:featuredmedia":[{"embeddable":true,"href":"https:\/\/wexfordpembrokeshirepilgrimway.org\/ga\/wp-json\/wp\/v2\/media\/7690"}],"wp:attachment":[{"href":"https:\/\/wexfordpembrokeshirepilgrimway.org\/ga\/wp-json\/wp\/v2\/media?parent=7692"}],"wp:term":[{"taxonomy":"category","embeddable":true,"href":"https:\/\/wexfordpembrokeshirepilgrimway.org\/ga\/wp-json\/wp\/v2\/categories?post=7692"},{"taxonomy":"post_tag","embeddable":true,"href":"https:\/\/wexfordpembrokeshirepilgrimway.org\/ga\/wp-json\/wp\/v2\/tags?post=7692"}],"curies":[{"name":"wp","href":"https:\/\/api.w.org\/{rel}","templated":true}]}}